{"id":468,"date":"2020-09-12T19:58:32","date_gmt":"2020-09-12T19:58:32","guid":{"rendered":"https:\/\/jbh.is\/bs\/?p=468"},"modified":"2023-05-18T11:25:02","modified_gmt":"2023-05-18T11:25:02","slug":"brosad-gegnum-tarin","status":"publish","type":"post","link":"https:\/\/jbh.is\/bs\/index.php\/2020\/09\/12\/brosad-gegnum-tarin\/","title":{"rendered":"Brosa\u00f0 gegnum t\u00e1rin"},"content":{"rendered":"\n<p>BRYND\u00cdS var ung a\u00f0 \u00e1rum \u00fej\u00f3\u00f0kunn sem baller\u00edna, leikkona og fegur\u00f0ardrottning. L\u00edfshlaup hennar er \u00e6vint\u00fdri l\u00edkast: kennari og sk\u00f3lameistari, bla\u00f0ama\u00f0ur og ritstj\u00f3ri og&nbsp; fj\u00f6ltyngd m\u00e1lamanneskja og lei\u00f0s\u00f6guma\u00f0ur, &nbsp;\u00fe\u00fd\u00f0andi og h\u00f6fundur nokkurra b\u00f3ka, dagskr\u00e1rger\u00f0arkona og sj\u00f3nvarpsstjarna. Stj\u00f3rnandi Kvikmyndasj\u00f3\u00f0s og \u2013 me\u00f0 hennar eigin or\u00f0um \u2013 \u00f3launu\u00f0 eldabuska \u00ed \u00fej\u00f3nustu r\u00edkisins, m.\u00f6.o. sendiherrafr\u00fa.<\/p>\n\n\n\n<figure class=\"wp-block-image size-large\"><img loading=\"lazy\" decoding=\"async\" width=\"236\" height=\"141\" src=\"https:\/\/jbh.is\/bs\/wp-content\/uploads\/2020\/09\/image-1.jpg\" alt=\"\" class=\"wp-image-473\"\/><\/figure>\n\n\n\n<p>Fr\u00e1 \u00e6sku\u00e1rum hefur h\u00fan veri\u00f0 \u00ed \u00f3rofa bandalagi vi\u00f0 mesta \u00e1str\u00ed\u00f0up\u00f3lit\u00edkus landsins. Saman hafa \u00feau unni\u00f0 st\u00f3ra sigra \u00e1 innlendum og al\u00fej\u00f3\u00f0legum vettvangi. Samt hefur h\u00fan sjaldan seti\u00f0 \u00e1 fri\u00f0arst\u00f3li. Hva\u00f0 eftir anna\u00f0 var h\u00fan hrakin \u00far starfi \u00fat af p\u00f3lit\u00edk. \u00d3v\u00e6gin fj\u00f6lmi\u00f0lagagnr\u00fdni \u2013 e\u00f0a voru \u00fea\u00f0 p\u00f3lit\u00edskar ofs\u00f3knir? \u2013 r\u00f6tu\u00f0u jafnvel inn \u00ed r\u00e9ttarsali.<\/p>\n\n\n\n<!--more Lesa meira-->\n\n\n\n<figure class=\"wp-block-image size-full\"><img loading=\"lazy\" decoding=\"async\" width=\"480\" height=\"360\" src=\"https:\/\/jbh.is\/bs\/wp-content\/uploads\/2022\/04\/1193.jpg\" alt=\"\" class=\"wp-image-823\" srcset=\"https:\/\/jbh.is\/bs\/wp-content\/uploads\/2022\/04\/1193.jpg 480w, https:\/\/jbh.is\/bs\/wp-content\/uploads\/2022\/04\/1193-300x225.jpg 300w\" sizes=\"auto, (max-width: 480px) 85vw, 480px\" \/><figcaption class=\"wp-element-caption\">H\u00f6fundur \u00e1ritar b\u00f3kina \u00e1 \u00fatg\u00e1fudegi<\/figcaption><\/figure>\n\n\n\n<p>\u00deegar \u201ehi\u00f0 fri\u00f0s\u00e6la \u00e6vikv\u00f6ld\u201c n\u00e1lga\u00f0ist, sk\u00f3k fj\u00f6l\u00fej\u00f3\u00f0leg forr\u00e6\u00f0isdeila um \u00f6mmubarn hennar l\u00edf fj\u00f6lskyldunnar \u00e1rum saman. St\u00f3ra sorgin \u00ed l\u00edfi hennar&nbsp; var a\u00f0 missa d\u00f3ttur s\u00edna \u00ed bl\u00f3ma l\u00edfs. Og fj\u00f6lskylduharmleikur \u2013 s\u00e1rari en or\u00f0 f\u00e1 l\u00fdst \u2013 varpar dimmum skugga \u00e1 \u00e6vikv\u00f6ldi\u00f0. \u201e<\/p>\n\n\n\n<figure class=\"wp-block-image size-full\"><img loading=\"lazy\" decoding=\"async\" width=\"480\" height=\"393\" src=\"https:\/\/jbh.is\/bs\/wp-content\/uploads\/2022\/04\/1192.jpg\" alt=\"\" class=\"wp-image-824\" srcset=\"https:\/\/jbh.is\/bs\/wp-content\/uploads\/2022\/04\/1192.jpg 480w, https:\/\/jbh.is\/bs\/wp-content\/uploads\/2022\/04\/1192-300x246.jpg 300w\" sizes=\"auto, (max-width: 480px) 85vw, 480px\" \/><figcaption class=\"wp-element-caption\">H\u00f6fundur \u00e1 \u00fatg\u00e1fudegi b\u00f3kar<\/figcaption><\/figure>\n\n\n\n<p><strong>Brosa\u00f0 gegnum&nbsp;t\u00e1rin<\/strong>&nbsp;heldur \u00e1fram \u00fear sem hin vins\u00e6la b\u00f3k Brynd\u00edsar \u00cd s\u00f3l og skugga (2008) enda\u00f0i. H\u00fan segir s\u00f6guna alla, \u00fear sem h\u00f6fundur horfist \u00ed augu jafnt vi\u00f0 hamingjuna sem harmleikinn.&nbsp;&nbsp;<\/p>\n\n\n\n<figure class=\"wp-block-image size-full\"><img loading=\"lazy\" decoding=\"async\" width=\"480\" height=\"270\" src=\"https:\/\/jbh.is\/bs\/wp-content\/uploads\/2022\/04\/1195.jpg\" alt=\"\" class=\"wp-image-825\" srcset=\"https:\/\/jbh.is\/bs\/wp-content\/uploads\/2022\/04\/1195.jpg 480w, https:\/\/jbh.is\/bs\/wp-content\/uploads\/2022\/04\/1195-300x169.jpg 300w\" sizes=\"auto, (max-width: 480px) 85vw, 480px\" \/><figcaption class=\"wp-element-caption\">Brynd\u00eds og J\u00f3n Baldvin<\/figcaption><\/figure>\n\n\n\n<p><strong><strong>Umsagnir um b\u00f3k m\u00edna \u2013 \u201eBrosa\u00f0 gegnum t\u00e1rin\u201c, sem kom \u00fat \u00ed september 2020.<\/strong><\/strong><\/p>\n\n\n\n<p><em>\u201e\u00c9g las b\u00f3kina \u00ed einni lotu. Gat ekki lagt hana fr\u00e1 m\u00e9r. A\u00f0 loknum lestri sat \u00e9g m\u00e1ttvana og gr\u00e9t. Hv\u00edl\u00edk l\u00edfsreynsla!\u201c &#8211; Sigr\u00ed\u00f0ur J\u00f3hannesd\u00f3ttir, pr\u00f3fessor<\/em><\/p>\n\n\n\n<p><em>\u201e<\/em><em>\u00deetta er afskaplega falleg b\u00f3k. Forvitni Brynd\u00edsar, \u00e1str\u00ed\u00f0a fyrir l\u00edfinu &#8211; og st\u00edlfimi \u2013 fleygir manni fram eftir s\u00ed\u00f0unum. Brynd\u00eds fer \u00ed gegnum l\u00edfi\u00f0 me\u00f0 augun opin. H\u00fan er n\u00e6m \u00e1 mannf\u00f3lki\u00f0 og n\u00fdja sta\u00f0i\u201d \u2013 J\u00f3n Sigur\u00f0ur Eyj\u00f3lfsson, rith\u00f6fundur<\/em><\/p>\n\n\n\n<p><em>\u201cUmfj\u00f6llun Brynd\u00edsar um fj\u00f6lskylduharmleikinn er \u00ed senn \u00f3v\u00e6gin, s\u00e1rsaukafull og l\u00e6rd\u00f3msr\u00edk.&nbsp; En \u00fer\u00e1tt fyrir alvarlegan undirt\u00f3n er fr\u00e1sagnarlist hennar leikandi og l\u00e9tt &#8211; og kitlar oft hl\u00e1turtaugarnar. Hefur l\u00edf baller\u00ednunnar veri\u00f0 dans \u00e1 r\u00f3sum? J\u00e1, vissulega en l\u00edka \u00e1 glerbrotum sem s\u00e6ra og mei\u00f0a\u201d \u2013 Jakob Fr\u00edmann Magn\u00fasson<\/em><\/p>\n\n\n<p><strong>Kve\u00f0ja fr\u00e1 R\u00fanari:<\/strong><br><em>Beittu vilja,viti og aga,<\/em><br><em>vertu hress \u00e1 \u00feinni fer\u00f0.<\/em><br><em>L\u00e1ttu enga depur\u00f0 draga<\/em><br><em>dr\u00f3ma yfir \u00fe\u00edna ger\u00f0<\/em><\/p>\n<p><strong>Fleiri ritd\u00f3mar:<\/strong><\/p>\n<p><a href=\"https:\/\/jbh.is\/bs\/index.php\/2022\/04\/20\/adalsteinn-flosason-brosad-gegnum-tarin-ritdomur\/\">A\u00f0alsteinn Flosason<\/a><\/p>\n\n\n<p><a href=\"https:\/\/jbh.is\/bs\/index.php\/2020\/09\/24\/anna-bergthorsdottir-brosad-gegnum-tarin-ritdomur\/\">Anna Berg\u00fe\u00f3rsd\u00f3ttir<\/a><\/p>\n\n\n\n<p><a href=\"https:\/\/jbh.is\/bs\/index.php\/2020\/09\/24\/arni-gunnarsson-brosad-gegnum-tarin-ritdomur\/\">\u00c1rni Gunnarsson<\/a><\/p>\n\n\n\n<p><a href=\"https:\/\/jbh.is\/bs\/index.php\/2020\/09\/24\/arni-sigurdsson-brosad-gegnum-tarin-ritdomur\/\">\u00c1rni Sigur\u00f0sson<\/a><\/p>\n\n\n\n<p><a href=\"https:\/\/jbh.is\/bs\/index.php\/2020\/09\/24\/asdis-bergthorsdottir-brosad-gegnum-tarin-ritdomur\/\">\u00c1sd\u00eds Berg\u00fe\u00f3rsd\u00f3ttir<\/a><\/p>\n\n\n\n<p><a href=\"https:\/\/jbh.is\/bs\/index.php\/2020\/09\/24\/binni-fraendi-brosad-gegnum-tarin-ritdomur\/\">Brynj\u00f3lfur \u00d3lafsson, Binni fr\u00e6ndi<\/a><\/p>\n\n\n\n<p><a href=\"https:\/\/jbh.is\/bs\/index.php\/2020\/09\/24\/elisabet-gunnarsdottir-brosad-i-gegnum-tarin-ritdomur\/\">El\u00edsabet Gunnarsd\u00f3ttir<\/a><\/p>\n\n\n\n<p><a href=\"https:\/\/jbh.is\/bs\/index.php\/2020\/09\/08\/gisli-marteinn\/\">G\u00edsli Marteinn<\/a><\/p>\n\n\n\n<p><a href=\"https:\/\/jbh.is\/bs\/index.php\/2020\/09\/24\/gunnar-thordarson-brosad-i-gegnum-tarin-ritdomur\/\">Gunnar \u00de\u00f3r\u00f0arson<\/a><\/p>\n\n\n\n<p><a href=\"https:\/\/jbh.is\/bs\/index.php\/2023\/04\/29\/paskabaekurnar-2023\/\" data-type=\"post\" data-id=\"902\">Haraldur \u00d3lafsson<\/a><\/p>\n\n\n\n<p><a href=\"https:\/\/jbh.is\/bs\/index.php\/2020\/09\/24\/herdis-brosad-gegnum-tarin-ritdomur\/\">Herd\u00eds Hubner<\/a><\/p>\n\n\n\n<p><a href=\"https:\/\/jbh.is\/bs\/index.php\/2020\/09\/24\/johanna-fjola-brosad-gegnum-tarin-ritdomur\/\">J\u00f3hanna Fj\u00f3la \u00d3lafsd\u00f3ttir<\/a><\/p>\n\n\n\n<p><a href=\"https:\/\/jbh.is\/bs\/index.php\/2020\/09\/24\/johann-sigurdur-eyjolfsson-brosad-gegnum-tarin-ritdomur\/\">J\u00f3n Sigur\u00f0ur Eyj\u00f3lfsson<\/a><\/p>\n\n\n\n<p><a href=\"https:\/\/jbh.is\/bs\/index.php\/2020\/09\/24\/jon-sigurdur-nordkvist-brosad-gegnum-tarin-ritdomur\/\">J\u00f3n Sigur\u00f0ur Nor\u00f0kvist<\/a><\/p>\n\n\n\n<p><a href=\"https:\/\/jbh.is\/bs\/index.php\/2020\/09\/24\/katrin-gunnarsdottie-fabbiano-brosad-gegnum-tarin-ritdomur\/\">Katr\u00edn Gunnarsd\u00f3ttir Fabbiano<\/a><\/p>\n\n\n\n<p><a href=\"https:\/\/jbh.is\/bs\/index.php\/2020\/09\/24\/margret-hrafnsdottir-brosad-gegnum-tarin-ritdomur\/\">Margr\u00e9t Hrafnsd\u00f3ttir<\/a><\/p>\n\n\n\n<p><a href=\"https:\/\/jbh.is\/bs\/index.php\/2020\/09\/24\/maria-henley-brosad-gegnum-tarin-ritdomur\/\">Mar\u00eda Henley<\/a><\/p>\n\n\n\n<p><a href=\"https:\/\/jbh.is\/bs\/index.php\/2020\/09\/24\/olafur-th-hardarson-brosad-gegnum-tarin-ritdomur\/\">\u00d3lafur \u00de. Har\u00f0arson<\/a><\/p>\n\n\n\n<p><a href=\"https:\/\/jbh.is\/bs\/index.php\/2020\/09\/24\/olina-thorvardardottir-brosad-gegnum-tarin-ritdomur\/\">\u00d3l\u00edna \u00deorvar\u00f0ard\u00f3ttir<\/a><\/p>\n\n\n\n<p><a href=\"https:\/\/jbh.is\/bs\/index.php\/2020\/09\/24\/petrina-konny-arthursdottir-brosad-gegnum-tarin-ritdomur\/\">Petr\u00edna Konn\u00fd Arth\u00farsd\u00f3ttir<\/a><\/p>\n\n\n\n<p><a href=\"https:\/\/jbh.is\/bs\/index.php\/2020\/09\/24\/sighvatur-bjorgvinsson-brosad-gegnum-tarin-ritdomur\/\">Sighvatur Bj\u00f6rgvinsson<\/a><\/p>\n\n\n\n<p><a href=\"https:\/\/jbh.is\/bs\/index.php\/2020\/09\/24\/sigridur-johannesdottir-brosad-gegnum-tarin-ritdomur\/\">Sigr\u00ed\u00f0ur J\u00f3hannesd\u00f3ttir<\/a><\/p>\n\n\n\n<p><a href=\"https:\/\/jbh.is\/bs\/index.php\/2020\/09\/08\/sigridur-ragnheidur\/\" data-type=\"URL\" data-id=\"https:\/\/jbh.is\/bs\/index.php\/2020\/09\/08\/sigridur-ragnheidur\/\" target=\"_blank\" rel=\"noreferrer noopener\">Sigr\u00ed\u00f0ur Ragnhei\u00f0ur<\/a><\/p>\n\n\n\n<p> <a href=\"https:\/\/jbh.is\/bs\/index.php\/2020\/09\/24\/styrmir-gunnarsson-brosad-gegnum-tarin-ritdomur\/\">Styrmir Gunnarsson<\/a><\/p>\n\n\n\n<p><a href=\"https:\/\/jbh.is\/bs\/index.php\/2020\/09\/24\/vidar-ingason-brosad-gegnum-tarin-ritdomur\/\">Vi\u00f0ar Ingason<\/a><\/p>\n\n\n\n<p><a href=\"https:\/\/jbh.is\/bs\/index.php\/2020\/09\/24\/thrainn-hallgrimsson-brosad-gegnum-tarin-ritdomur\/\">\u00der\u00e1inn Hallgr\u00edmsson<\/a><\/p>\n\n\n\n<p><a href=\"https:\/\/jbh.is\/bs\/index.php\/2020\/09\/24\/throstur-olafsson-brosad-gegnum-tarin-ritdomur\/\">\u00der\u00f6stur \u00d3lafsson<\/a><\/p>\n\n\n\n<figure class=\"wp-block-image size-full\"><img loading=\"lazy\" decoding=\"async\" width=\"360\" height=\"640\" src=\"https:\/\/jbh.is\/bs\/wp-content\/uploads\/2022\/04\/mamma_solon.jpg\" alt=\"\" class=\"wp-image-827\" srcset=\"https:\/\/jbh.is\/bs\/wp-content\/uploads\/2022\/04\/mamma_solon.jpg 360w, https:\/\/jbh.is\/bs\/wp-content\/uploads\/2022\/04\/mamma_solon-169x300.jpg 169w\" sizes=\"auto, (max-width: 360px) 85vw, 360px\" \/><figcaption class=\"wp-element-caption\">H\u00f6fundur les \u00far b\u00f3k sinni \u00e1 <em>S\u00f3lon<\/em><\/figcaption><\/figure>\n\n\n\n<p>Sendi\u00f0 t\u00f6lvup\u00f3st \u00e1 netfangi\u00f0&nbsp;<a rel=\"noreferrer noopener\" href=\"mailto:hbaviati@gmail.com\" target=\"_blank\">hbaviati@gmail.com<\/a>&nbsp;til a\u00f0 f\u00e1 b\u00f3kina \u00e1 afsl\u00e1ttarver\u00f0i &#8211; 3800 kr e\u00f0a <a rel=\"noreferrer noopener\" href=\"https:\/\/www.hbpublisher.com\/?fbclid=IwAR3dk8X6KOb35WfdmWE90T3tFcLDsWNdtAjO3BWP_wRrVycARk8i02gSKVg\" data-type=\"URL\" data-id=\"https:\/\/www.hbpublisher.com\/?fbclid=IwAR3dk8X6KOb35WfdmWE90T3tFcLDsWNdtAjO3BWP_wRrVycARk8i02gSKVg\" target=\"_blank\">smelli\u00f0 h\u00e9r til a\u00f0 fara panta b\u00f3kina beint fr\u00e1 \u00fatgefanda<\/a>.<\/p>\n","protected":false},"excerpt":{"rendered":"<p>BROSA\u00d0 GEGNUM T\u00c1RIN er b\u00f3k um \u00e1stina og hamingjuna og um sorgina og harmleikinn. \u00c6visaga heitra tilfinninga og dramat\u00edskra vi\u00f0bur\u00f0a. B\u00f3k sem enginn leggur fr\u00e1 s\u00e9r \u2013 \u00f3snortinn.<\/p>\n","protected":false},"author":3,"featured_media":0,"comment_status":"closed","ping_status":"closed","sticky":false,"template":"","format":"standard","meta":{"footnotes":""},"categories":[1,5],"tags":[],"class_list":["post-468","post","type-post","status-publish","format-standard","hentry","category-uncategorized","category-greinar_og_vidtol"],"_links":{"self":[{"href":"https:\/\/jbh.is\/bs\/index.php\/wp-json\/wp\/v2\/posts\/468","targetHints":{"allow":["GET"]}}],"collection":[{"href":"https:\/\/jbh.is\/bs\/index.php\/wp-json\/wp\/v2\/posts"}],"about":[{"href":"https:\/\/jbh.is\/bs\/index.php\/wp-json\/wp\/v2\/types\/post"}],"author":[{"embeddable":true,"href":"https:\/\/jbh.is\/bs\/index.php\/wp-json\/wp\/v2\/users\/3"}],"replies":[{"embeddable":true,"href":"https:\/\/jbh.is\/bs\/index.php\/wp-json\/wp\/v2\/comments?post=468"}],"version-history":[{"count":27,"href":"https:\/\/jbh.is\/bs\/index.php\/wp-json\/wp\/v2\/posts\/468\/revisions"}],"predecessor-version":[{"id":906,"href":"https:\/\/jbh.is\/bs\/index.php\/wp-json\/wp\/v2\/posts\/468\/revisions\/906"}],"wp:attachment":[{"href":"https:\/\/jbh.is\/bs\/index.php\/wp-json\/wp\/v2\/media?parent=468"}],"wp:term":[{"taxonomy":"category","embeddable":true,"href":"https:\/\/jbh.is\/bs\/index.php\/wp-json\/wp\/v2\/categories?post=468"},{"taxonomy":"post_tag","embeddable":true,"href":"https:\/\/jbh.is\/bs\/index.php\/wp-json\/wp\/v2\/tags?post=468"}],"curies":[{"name":"wp","href":"https:\/\/api.w.org\/{rel}","templated":true}]}}