{"id":732,"date":"2020-09-24T09:06:29","date_gmt":"2020-09-24T09:06:29","guid":{"rendered":"https:\/\/jbh.is\/bs\/?p=732"},"modified":"2022-02-24T09:37:52","modified_gmt":"2022-02-24T09:37:52","slug":"asdis-bergthorsdottir-brosad-gegnum-tarin-ritdomur","status":"publish","type":"post","link":"https:\/\/jbh.is\/bs\/index.php\/2020\/09\/24\/asdis-bergthorsdottir-brosad-gegnum-tarin-ritdomur\/","title":{"rendered":"\u00c1sd\u00eds Berg\u00fe\u00f3rsd\u00f3ttir: Brosa\u00f0 gegnum t\u00e1rin, ritd\u00f3mur"},"content":{"rendered":"<p>S\u00e6l og blessu\u00f0 Brynd\u00eds m\u00edn<\/p>\n<p>N\u00fa ver\u00f0 \u00e9g a\u00f0 \u00fatsk\u00fdra sm\u00e1vegis. \u00c9g vinn tv\u00f6 st\u00f6rf annars vegar sem forritari og hins vegar sem s\u00e1lfr\u00e6\u00f0ingur (reyndar er \u00e9g \u00ed \u00fev\u00ed \u00feri\u00f0ja sem krossg\u00e1tuh\u00f6fundur) og \u00fea\u00f0 hefur veri\u00f0 brj\u00e1la\u00f0 a\u00f0 gera hj\u00e1 m\u00e9r.<\/p>\n<p>Nema hva\u00f0 &#8211; af \u00fev\u00ed a\u00f0 \u00e9g er b\u00f3hemi og fylgi f\u00e1um forskriftum samf\u00e9lagsins \u00fe\u00e1 \u00e1kva\u00f0 \u00e9g fyrir nokkrum m\u00e1nu\u00f0um a\u00f0 \u00e9g \u00e6tla\u00f0i a\u00f0 kaupa m\u00e9r infra-rau\u00f0a saunu og setja upp \u00ed bor\u00f0stofunni minni! \u00dea\u00f0 er b\u00fai\u00f0 a\u00f0 vera snarbrj\u00e1la\u00f0 a\u00f0 gera hj\u00e1 m\u00e9r &#8211; \u00e9g vinn 12-14 t\u00edma \u00e1 virkum d\u00f6gum. \u00c9g \u00e1kva\u00f0 a\u00f0 bor\u00f0stofan yr\u00f0i vinnuherbergi, hv\u00edldarherbergi og gestaherbergi. En \u00feegar \u00e9g kom \u00ed sauna-klefann \u00fe\u00e1 haf\u00f0i \u00e9g allt \u00ed einu t\u00edma &#8211; \u00ed sta\u00f0inn fyrir a\u00f0 vera \u00e1 \u00fatopnu, \u00e6\u00f0andi \u00e1 milli verka \u00fe\u00e1 var \u00e9g r\u00f3leg og allt \u00ed einu fatta\u00f0i \u00e9g &#8211; \u00feetta er brillant t\u00edmi til a\u00f0 lesa! \u00deannig t\u00f3kst m\u00e9r a\u00f0 kl\u00e1ra b\u00f3kina \u00fe\u00edn \u00ed infra-rau\u00f0um sauna klefa.<\/p>\n\n\n<!--more Lesa meira-->\n\n\n<p>Eftir a\u00f0 hafa lesi\u00f0 \u00feessa b\u00f3k hef \u00e9g eina spurningu fyrir \u00feig &#8211; Hefur\u00f0u velt fyrir \u00fe\u00e9r hvernig leikkonan sem mun leika \u00feig \u00ed framt\u00ed\u00f0inni mun standa sig? Fyrir m\u00e9r er auglj\u00f3st a\u00f0 einhver mun skrifa leikrit\/sj\u00f3nvarps\u00fe\u00e1tt\/kvikmynd um \u00feetta  &#8211; kannski bara eftir 200 \u00e1r &#8211; \u00edmynda\u00f0u \u00fe\u00e9r Ragnhei\u00f0i Brynj\u00f3lfsd\u00f3ttur. Mig grunar a\u00f0 samf\u00e9lagi\u00f0 eftir 200 \u00e1r muni sj\u00e1 okkar t\u00edma \u00f6\u00f0ruv\u00edsi. \u00dea\u00f0 er tilhneiging til a\u00f0 galdravei\u00f0a \u00ed n\u00fat\u00edmanum og vi\u00f0 getum l\u00edti\u00f0 gert vi\u00f0 \u00fev\u00ed.  Framt\u00ed\u00f0in getur horft ger\u00f3l\u00edkum augum \u00e1 ykkur hj\u00f3nin.<\/p>\n<p>J\u00f3n mun alltaf eiga EES-samningin og Eystrasaltsl\u00f6ndin. Enginn getur teki\u00f0 \u00fea\u00f0 af honum. En \u00fe\u00fa er kannski meira spennandi ef \u00fea\u00f0 \u00fearf a\u00f0 setja \u00feetta \u00e1 svi\u00f0  &#8211; \u00fe\u00fa ert listakona og tilfinningavera. \u00de\u00fa getur bori\u00f0 upp heilt leikrit bara \u00e1 tilfinningum \u00fe\u00ednum. \u00de\u00f3 n\u00fat\u00edminn skilji \u00feig ekki \u00fe\u00e1 \u00fearf framt\u00ed\u00f0in ekki a\u00f0 vera sl\u00edk. Sannleikurinn er \u00ed or\u00f0um Dav\u00ed\u00f0s Stef\u00e1nssonar: &#8220;F\u00e1ir nj\u00f3ta eldanna, sem fyrstir kveikja \u00fe\u00e1.&#8221; \u00dea\u00f0 sj\u00e1um vi\u00f0 \u00edtreka\u00f0 \u00ed s\u00f6gunni.<\/p>\n<p>Far\u00f0u vel me\u00f0 \u00feig Brynd\u00eds, vonandi getum vi\u00f0 hittst \u00feegar covid er b\u00fai\u00f0.<\/p>\n<p>kve\u00f0ja<br>\n\u00c1sd\u00eds<\/p>","protected":false},"excerpt":{"rendered":"<p>S\u00e6l og blessu\u00f0 Brynd\u00eds m\u00edn N\u00fa ver\u00f0 \u00e9g a\u00f0 \u00fatsk\u00fdra sm\u00e1vegis. \u00c9g vinn tv\u00f6 st\u00f6rf annars vegar sem forritari og hins vegar sem s\u00e1lfr\u00e6\u00f0ingur (reyndar er \u00e9g \u00ed \u00fev\u00ed \u00feri\u00f0ja sem krossg\u00e1tuh\u00f6fundur) og \u00fea\u00f0 hefur veri\u00f0 brj\u00e1la\u00f0 a\u00f0 gera hj\u00e1 m\u00e9r. Nema hva\u00f0 &#8211; af \u00fev\u00ed a\u00f0 \u00e9g er b\u00f3hemi og fylgi f\u00e1um forskriftum samf\u00e9lagsins &hellip; <a href=\"https:\/\/jbh.is\/bs\/index.php\/2020\/09\/24\/asdis-bergthorsdottir-brosad-gegnum-tarin-ritdomur\/\" class=\"more-link\">Continue reading<span class=\"screen-reader-text\"> &#8220;\u00c1sd\u00eds Berg\u00fe\u00f3rsd\u00f3ttir: Brosa\u00f0 gegnum t\u00e1rin, ritd\u00f3mur&#8221;<\/span><\/a><\/p>\n","protected":false},"author":3,"featured_media":0,"comment_status":"closed","ping_status":"closed","sticky":false,"template":"","format":"standard","meta":{"footnotes":""},"categories":[1,5],"tags":[],"class_list":["post-732","post","type-post","status-publish","format-standard","hentry","category-uncategorized","category-greinar_og_vidtol"],"_links":{"self":[{"href":"https:\/\/jbh.is\/bs\/index.php\/wp-json\/wp\/v2\/posts\/732","targetHints":{"allow":["GET"]}}],"collection":[{"href":"https:\/\/jbh.is\/bs\/index.php\/wp-json\/wp\/v2\/posts"}],"about":[{"href":"https:\/\/jbh.is\/bs\/index.php\/wp-json\/wp\/v2\/types\/post"}],"author":[{"embeddable":true,"href":"https:\/\/jbh.is\/bs\/index.php\/wp-json\/wp\/v2\/users\/3"}],"replies":[{"embeddable":true,"href":"https:\/\/jbh.is\/bs\/index.php\/wp-json\/wp\/v2\/comments?post=732"}],"version-history":[{"count":1,"href":"https:\/\/jbh.is\/bs\/index.php\/wp-json\/wp\/v2\/posts\/732\/revisions"}],"predecessor-version":[{"id":733,"href":"https:\/\/jbh.is\/bs\/index.php\/wp-json\/wp\/v2\/posts\/732\/revisions\/733"}],"wp:attachment":[{"href":"https:\/\/jbh.is\/bs\/index.php\/wp-json\/wp\/v2\/media?parent=732"}],"wp:term":[{"taxonomy":"category","embeddable":true,"href":"https:\/\/jbh.is\/bs\/index.php\/wp-json\/wp\/v2\/categories?post=732"},{"taxonomy":"post_tag","embeddable":true,"href":"https:\/\/jbh.is\/bs\/index.php\/wp-json\/wp\/v2\/tags?post=732"}],"curies":[{"name":"wp","href":"https:\/\/api.w.org\/{rel}","templated":true}]}}