{"id":736,"date":"2020-09-24T09:11:08","date_gmt":"2020-09-24T09:11:08","guid":{"rendered":"https:\/\/jbh.is\/bs\/?p=736"},"modified":"2022-02-24T09:11:32","modified_gmt":"2022-02-24T09:11:32","slug":"olafur-th-hardarson-brosad-gegnum-tarin-ritdomur","status":"publish","type":"post","link":"https:\/\/jbh.is\/bs\/index.php\/2020\/09\/24\/olafur-th-hardarson-brosad-gegnum-tarin-ritdomur\/","title":{"rendered":"\u00d3lafur \u00de. Har\u00f0arson: Brosa\u00f0 gegnum t\u00e1rin, ritd\u00f3mur"},"content":{"rendered":"<p>Bryndis Schram hefur skrifa\u00f0 merkilega b\u00f3k, &#8220;Brosa\u00f0 gegnum t\u00e1rin&#8221;. Kemur v\u00ed\u00f0a vi\u00f0: \u00e6skuminningar, \u00cdsafjar\u00f0ar\u00e1r, margv\u00edsleg st\u00f6rf, p\u00f3lit\u00edk, langdvalir \u00ed \u00fatl\u00f6ndum. D\u00e1samlegar fr\u00e1sagnir, skemmtilegar, litr\u00edkar, fullar af h\u00famor og hl\u00fdju &#8230;<\/p>\n<p>Skarpar svipmyndir af samfer\u00f0af\u00f3lki, ma. eftirminnilegar l\u00fdsingar \u00e1 tengdaforeldrunum, Hannibal og S\u00f3lveigu. L\u00edka m\u00f6rgum listam\u00f6nnum og stj\u00f3rnm\u00e1lam\u00f6nnum, \u00edslenskum og \u00fatlenskum.<\/p>\n<p>Brynd\u00eds er merkileg og sterk kona, sem hefur unni\u00f0 mikil afrek \u00ed l\u00edfinu. Ma\u00f0ur hennar, J\u00f3n Baldvin Hannibalsson<br>\ner einn merkasti stj\u00f3rnm\u00e1lama\u00f0ur \u00cdslendinga. \u00cd b\u00f3kinni er listilega fjalla\u00f0 um samfer\u00f0 \u00feeirra \u00ed r\u00fama sex \u00e1ratugi. \u00dear margt \u00e1hugavert, fagurt og skemmtilegt &#8211; og Brynd\u00eds skrifar l\u00e9ttan, sk\u00fdran og lipran texta.<\/p>\n<p>En \u00feau hafa l\u00edka lent \u00ed m\u00f3tvindi.<\/p>\n\n\n<!--more Lesa meira-->\n\n\n<p>Sn\u00e6fr\u00ed\u00f0ur heitin d\u00f3ttir \u00feeirra eigna\u00f0ist mann og barn. Ma\u00f0urinn reyndist ofbeldisma\u00f0ur \u00e1 heimili. Reyndi a\u00f0 halda konu og barni nau\u00f0ugu \u00e1 heimili \u00feeirra \u00ed Mex\u00edk\u00f3. J\u00f3ni Baldvin og Brynd\u00edsi t\u00f3kst a\u00f0 frelsa d\u00f3ttur s\u00edna og d\u00f3tturd\u00f3ttur \u00far nau\u00f0ungarvistinni &#8211; me\u00f0 hj\u00e1lp \u00edslenska r\u00e6\u00f0ismannsins.<\/p>\n<p>Ofbeldisma\u00f0urinn k\u00e6r\u00f0i \u00feau fyrir &#8220;barnsr\u00e1n&#8221;. Sumir \u00edslenskir fj\u00f6lmi\u00f0lar t\u00f3ku m\u00e1lsta\u00f0 hans af miklum krafti. En J\u00f3n og Brynd\u00eds h\u00f6f\u00f0u betur fyrir d\u00f3mst\u00f3lum, me\u00f0 dyggri a\u00f0sto\u00f0 l\u00f6gmannsins Reimars P\u00e9turssonar. D\u00f3mskerfi\u00f0 virka\u00f0i &#8230;<\/p>\n<p>\u00cd b\u00f3karlok er fjalla\u00f0 um mikinn fj\u00f6lskylduharmleik: \u00e1sakanir elstu d\u00f3ttur \u00feeirra hj\u00f3na gegn f\u00f6\u00f0ur s\u00ednum. \u00dea\u00f0 er dapurleg lesning.<\/p>\n<p>Brynd\u00eds gerir gl\u00f6gga grein fyrir sj\u00f3narmi\u00f0um \u00feeirra hj\u00f3na. Greinir l\u00edka fr\u00e1 stu\u00f0ningi Kolfinnu, Gl\u00fams og Sn\u00e6fr\u00ed\u00f0ar heitinnar vi\u00f0 m\u00e1lsta\u00f0 f\u00f6\u00f0ur \u00feeirra.<\/p>\n<p>#meetoo hreyfingin hefur skipt miklu m\u00e1li undanfarin \u00e1r fyrir r\u00e9ttindabar\u00e1ttu kvenna. Og d\u00f3mskerfi\u00f0 hefur vissulega oft brug\u00f0ist konum. En viljum vi\u00f0 \u00feess vegna taka upp &#8220;aft\u00f6kur&#8221; \u00e1n d\u00f3ms og laga? Er ekki r\u00e9ttarkerfi\u00f0 enn me\u00f0al merkilegustu uppg\u00f6tvana mannkyns?<\/p>\n<p>Ps. Las svo aftur eldri b\u00f3k Brynd\u00edsar, &#8220;\u00cd s\u00f3l og skugga&#8221; fr\u00e1 2008. \u00dea\u00f0 er l\u00edka fr\u00f3\u00f0leg, skemmtileg og g\u00f3\u00f0 b\u00f3k &#8230;<\/p>","protected":false},"excerpt":{"rendered":"<p>Bryndis Schram hefur skrifa\u00f0 merkilega b\u00f3k, &#8220;Brosa\u00f0 gegnum t\u00e1rin&#8221;. Kemur v\u00ed\u00f0a vi\u00f0: \u00e6skuminningar, \u00cdsafjar\u00f0ar\u00e1r, margv\u00edsleg st\u00f6rf, p\u00f3lit\u00edk, langdvalir \u00ed \u00fatl\u00f6ndum. D\u00e1samlegar fr\u00e1sagnir, skemmtilegar, litr\u00edkar, fullar af h\u00famor og hl\u00fdju &#8230; Skarpar svipmyndir af samfer\u00f0af\u00f3lki, ma. eftirminnilegar l\u00fdsingar \u00e1 tengdaforeldrunum, Hannibal og S\u00f3lveigu. L\u00edka m\u00f6rgum listam\u00f6nnum og stj\u00f3rnm\u00e1lam\u00f6nnum, \u00edslenskum og \u00fatlenskum. Brynd\u00eds er merkileg og sterk &hellip; <a href=\"https:\/\/jbh.is\/bs\/index.php\/2020\/09\/24\/olafur-th-hardarson-brosad-gegnum-tarin-ritdomur\/\" class=\"more-link\">Continue reading<span class=\"screen-reader-text\"> &#8220;\u00d3lafur \u00de. Har\u00f0arson: Brosa\u00f0 gegnum t\u00e1rin, ritd\u00f3mur&#8221;<\/span><\/a><\/p>\n","protected":false},"author":3,"featured_media":0,"comment_status":"closed","ping_status":"closed","sticky":false,"template":"","format":"standard","meta":{"footnotes":""},"categories":[1,5],"tags":[],"class_list":["post-736","post","type-post","status-publish","format-standard","hentry","category-uncategorized","category-greinar_og_vidtol"],"_links":{"self":[{"href":"https:\/\/jbh.is\/bs\/index.php\/wp-json\/wp\/v2\/posts\/736","targetHints":{"allow":["GET"]}}],"collection":[{"href":"https:\/\/jbh.is\/bs\/index.php\/wp-json\/wp\/v2\/posts"}],"about":[{"href":"https:\/\/jbh.is\/bs\/index.php\/wp-json\/wp\/v2\/types\/post"}],"author":[{"embeddable":true,"href":"https:\/\/jbh.is\/bs\/index.php\/wp-json\/wp\/v2\/users\/3"}],"replies":[{"embeddable":true,"href":"https:\/\/jbh.is\/bs\/index.php\/wp-json\/wp\/v2\/comments?post=736"}],"version-history":[{"count":1,"href":"https:\/\/jbh.is\/bs\/index.php\/wp-json\/wp\/v2\/posts\/736\/revisions"}],"predecessor-version":[{"id":737,"href":"https:\/\/jbh.is\/bs\/index.php\/wp-json\/wp\/v2\/posts\/736\/revisions\/737"}],"wp:attachment":[{"href":"https:\/\/jbh.is\/bs\/index.php\/wp-json\/wp\/v2\/media?parent=736"}],"wp:term":[{"taxonomy":"category","embeddable":true,"href":"https:\/\/jbh.is\/bs\/index.php\/wp-json\/wp\/v2\/categories?post=736"},{"taxonomy":"post_tag","embeddable":true,"href":"https:\/\/jbh.is\/bs\/index.php\/wp-json\/wp\/v2\/tags?post=736"}],"curies":[{"name":"wp","href":"https:\/\/api.w.org\/{rel}","templated":true}]}}