{"id":966,"date":"2024-06-30T22:19:27","date_gmt":"2024-06-30T22:19:27","guid":{"rendered":"https:\/\/jbh.is\/bs\/?p=966"},"modified":"2024-06-30T22:21:09","modified_gmt":"2024-06-30T22:21:09","slug":"orsaga","status":"publish","type":"post","link":"https:\/\/jbh.is\/bs\/index.php\/2024\/06\/30\/orsaga\/","title":{"rendered":"\u00d6rsaga"},"content":{"rendered":"\n<p>Vi\u00f0 J\u00f3n Baldvin \u00e1ttum erindi \u00ed b\u00e6inn einn laugardag \u00ed ma\u00ed s\u00ed\u00f0astli\u00f0num. Sumari\u00f0 var \u00ed stuttri heims\u00f3kn \u00feennan dag og vi\u00f0 vorum l\u00e9ttkl\u00e6dd. \u00c9g kl\u00e6ddist hv\u00edtu s\u00ed\u00f0u pilsi og stuttum jakka (hvort tveggja keypt hj\u00e1 Mar\u00edu Lov\u00edsu fyrir 20 \u00e1rum). Og J\u00f3n Baldvin var kominn \u00ed lj\u00f3sgr\u00e1 f\u00f6t og bl\u00e1a skyrtu, sem var fr\u00e1hneppt \u00ed h\u00e1lsinn. N\u00fdraka\u00f0ur.<\/p>\n\n\n\n<!--more Lesa meira-->\n\n\n\n<p>Vi\u00f0 vorum \u00ed sparif\u00f6tunum, sem sagt. Nema hva\u00f0, a\u00f0 jafnvel hin fyrrum kaldranalega Tryggvagata var l\u00edka komin \u00ed sumarskap. Gamla Tollh\u00fasi\u00f0 haf\u00f0i fengi\u00f0 n\u00fdtt l\u00edf \u2013 Listask\u00f3li framt\u00ed\u00f0arinnar. Og n\u00fa loksins, \u00f6llum \u00feessum \u00e1rum seinna, f\u00e9kk hi\u00f0 st\u00f3rbrotna listaverk Ger\u00f0ar Helgad\u00f3ttur noti\u00f0 s\u00edn. Enda var eins og ungir Reykv\u00edkingar v\u00e6ru a\u00f0 sj\u00e1 borgina s\u00edna \u00ed fyrsta sinn. \u00deeir st\u00f3\u00f0u dolfallnir \u00ed h\u00f3pum undir bl\u00e1manum, sem sprengdi s\u00e9r lei\u00f0 \u00fat \u00far litr\u00f3fi su\u00f0urhli\u00f0ar h\u00fassins \u2013 voru jafnvel sestir til a\u00f0 draga dj\u00fapt andann og nj\u00f3ta l\u00edfsins \u2013 \u00ed n\u00fainu.<\/p>\n\n\n\n<p>\u201eM\u00e1 \u00e9g f\u00e1 mynd af m\u00e9r me\u00f0 \u00fe\u00e9r?\u201c er allt \u00ed einu kalla\u00f0, \u00feegar vi\u00f0 n\u00e1lgumst unga f\u00f3lki\u00f0. H\u00fan st\u00f3\u00f0 \u00fearna vi\u00f0 hli\u00f0 vinkvenna sinna, me\u00f0 flaksandi lj\u00f3st h\u00e1r, \u00ed gallabxum og \u00ed hv\u00edtum strigask\u00f3m. Kornung st\u00falka. H\u00fan horf\u00f0i beint \u00ed augun \u00e1 J\u00f3ni Baldvini.<\/p>\n\n\n\n<p>\u201eAf hverju\u201c?, spyr hann \u2013 eiginlega alveg fur\u00f0u lostinn.<\/p>\n\n\n\n<p>\u201e\u00de\u00fa ert svo flottur!\u201c, svarar st\u00falkan \u00fe\u00e1. (\u00c9g var henni eiginlega alveg samm\u00e1la, \u00fe\u00f3 \u00e9g segi sj\u00e1lf fr\u00e1) En hva\u00f0 kom til? St\u00falkan n\u00e1lga\u00f0ist okkur og horf\u00f0i brosandi \u00e1 J\u00f3n Baldvin.<\/p>\n\n\n\n<p>\u201eViltu ekki standa \u00e1 milli okkar hj\u00f3nanna?\u201c spyr hann \u00ed sakleysi s\u00ednu.<\/p>\n\n\n\n<p>\u201eOK\u201c, segir h\u00fan um lei\u00f0 og vinkona hennar mundar myndav\u00e9lina og fangar augnabliki\u00f0.<\/p>\n\n\n\n<p>J\u00f3n Baldvin greip um h\u00f6nd m\u00edna, og vi\u00f0 leiddumst \u00e1 brott.<\/p>\n\n\n\n<p>S\u00f6gulok. \u00c9g man ekki einu sinni, hvort h\u00fan sag\u00f0i \u201etakk\u201c.<\/p>\n","protected":false},"excerpt":{"rendered":"<p>Vi\u00f0 J\u00f3n Baldvin \u00e1ttum erindi \u00ed b\u00e6inn einn laugardag \u00ed ma\u00ed s\u00ed\u00f0astli\u00f0num. Sumari\u00f0 var \u00ed stuttri heims\u00f3kn \u00feennan dag og vi\u00f0 vorum l\u00e9ttkl\u00e6dd. \u00c9g kl\u00e6ddist hv\u00edtu s\u00ed\u00f0u pilsi og stuttum jakka (hvort tveggja keypt hj\u00e1 Mar\u00edu Lov\u00edsu fyrir 20 \u00e1rum). Og J\u00f3n Baldvin var kominn \u00ed lj\u00f3sgr\u00e1 f\u00f6t og bl\u00e1a skyrtu, sem var fr\u00e1hneppt \u00ed &hellip; <a href=\"https:\/\/jbh.is\/bs\/index.php\/2024\/06\/30\/orsaga\/\" class=\"more-link\">Continue reading<span class=\"screen-reader-text\"> &#8220;\u00d6rsaga&#8221;<\/span><\/a><\/p>\n","protected":false},"author":3,"featured_media":0,"comment_status":"closed","ping_status":"closed","sticky":false,"template":"","format":"standard","meta":{"footnotes":""},"categories":[1,5],"tags":[],"class_list":["post-966","post","type-post","status-publish","format-standard","hentry","category-uncategorized","category-greinar_og_vidtol"],"_links":{"self":[{"href":"https:\/\/jbh.is\/bs\/index.php\/wp-json\/wp\/v2\/posts\/966","targetHints":{"allow":["GET"]}}],"collection":[{"href":"https:\/\/jbh.is\/bs\/index.php\/wp-json\/wp\/v2\/posts"}],"about":[{"href":"https:\/\/jbh.is\/bs\/index.php\/wp-json\/wp\/v2\/types\/post"}],"author":[{"embeddable":true,"href":"https:\/\/jbh.is\/bs\/index.php\/wp-json\/wp\/v2\/users\/3"}],"replies":[{"embeddable":true,"href":"https:\/\/jbh.is\/bs\/index.php\/wp-json\/wp\/v2\/comments?post=966"}],"version-history":[{"count":2,"href":"https:\/\/jbh.is\/bs\/index.php\/wp-json\/wp\/v2\/posts\/966\/revisions"}],"predecessor-version":[{"id":968,"href":"https:\/\/jbh.is\/bs\/index.php\/wp-json\/wp\/v2\/posts\/966\/revisions\/968"}],"wp:attachment":[{"href":"https:\/\/jbh.is\/bs\/index.php\/wp-json\/wp\/v2\/media?parent=966"}],"wp:term":[{"taxonomy":"category","embeddable":true,"href":"https:\/\/jbh.is\/bs\/index.php\/wp-json\/wp\/v2\/categories?post=966"},{"taxonomy":"post_tag","embeddable":true,"href":"https:\/\/jbh.is\/bs\/index.php\/wp-json\/wp\/v2\/tags?post=966"}],"curies":[{"name":"wp","href":"https:\/\/api.w.org\/{rel}","templated":true}]}}