{"id":1085,"date":"2009-02-08T00:00:00","date_gmt":"2009-02-08T00:00:00","guid":{"rendered":"https:\/\/staging.jbh.is\/?p=1085"},"modified":"2020-09-22T14:05:41","modified_gmt":"2020-09-22T14:05:41","slug":"fylgt-ur-hladi","status":"publish","type":"post","link":"https:\/\/jbh.is\/?p=1085","title":{"rendered":"Fylgt \u00far hla\u00f0i"},"content":{"rendered":"<p><img loading=\"lazy\" decoding=\"async\" class=\"alignnone size-full wp-image-2316\" src=\"https:\/\/jbh.is\/wp-content\/uploads\/2009\/02\/MyndII.jpg\" alt=\"\" width=\"820\" height=\"538\" srcset=\"https:\/\/jbh.is\/wp-content\/uploads\/2009\/02\/MyndII.jpg 820w, https:\/\/jbh.is\/wp-content\/uploads\/2009\/02\/MyndII-300x197.jpg 300w, https:\/\/jbh.is\/wp-content\/uploads\/2009\/02\/MyndII-768x504.jpg 768w\" sizes=\"auto, (max-width: 709px) 85vw, (max-width: 909px) 67vw, (max-width: 984px) 61vw, (max-width: 1362px) 45vw, 600px\" \/>\u00der\u00e1tt fyrir a\u00f0komu Al\u00fej\u00f3\u00f0agjaldeyrissj\u00f3\u00f0sins (IMF\/AGS) eru tv\u00f6 hrikaleg vandam\u00e1l \u00f3leyst, skuldabyr\u00f0in og gjaldmi\u00f0ilsvandinn. B\u00e6\u00f0i eru \u00feessi m\u00e1l \u00feess e\u00f0lis a\u00f0 islenska \u00fej\u00f3\u00f0in f\u00e6r ekki vi\u00f0 \u00feau r\u00e1\u00f0i\u00f0 ein og \u00f3studd.<\/p>\n\n\n<!--more Lesa meira-->\n\n\n<p>Skuldirnar, \u00e1 \u00feeim grei\u00f0slukj\u00f6rum sem bj\u00f3\u00f0ast \u00fev\u00ed n\u00e6st gjald\u00ferota \u00fej\u00f3\u00f0, eru umfram grei\u00f0slugetu okkar. Vi\u00f0 ver\u00f0um a\u00f0 semja vi\u00f0 a\u00f0ra &#8211; og \u00feessir a\u00f0rir eru Evr\u00f3pusambandi\u00f0 og a\u00f0ilda\u00fej\u00f3\u00f0ir \u00feess &#8211; um grei\u00f0slukj\u00f6r og l\u00e1nst\u00edma og anna\u00f0 \u00fea\u00f0 sem gerir \u00feessar byr\u00f0ar l\u00e9ttb\u00e6rari.<\/p>\n<p>Um gjaldmi\u00f0ilsm\u00e1li\u00f0 gegnir sama m\u00e1li: \u00fear er enga lausn a\u00f0 f\u00e1 nema me\u00f0 samningum vi\u00f0 Evr\u00f3pusambandi\u00f0 og gjaldmi\u00f0ilssamstarf.<\/p>\n<p>\u00dea\u00f0 getur vel veri\u00f0 a\u00f0 \u00fea\u00f0 s\u00e9 l\u00edtt til vins\u00e6lda falli\u00f0 a\u00f0 hamra \u00e1 \u00feessum a\u00f0alatri\u00f0um. En hj\u00e1 \u00fev\u00ed ver\u00f0ur ekki komist \u00fev\u00ed a\u00f0 lokum er \u00fea\u00f0 svo a\u00f0 sannleikurinn mun gera y\u00f0ur frj\u00e1lsa. \u00dea\u00f0 er varla til s\u00fa fj\u00f6lskylda \u00e1 \u00cdslandi a\u00f0 einhverjir fj\u00f6lskyldume\u00f0limir eigi ekki n\u00fa \u00feegar um s\u00e1rt a\u00f0 binda \u00fat af \u00feeim hamf\u00f6rum af mannav\u00f6ldum sem kollvarpa\u00f0 hafa \u00edslensku samf\u00e9lagi. \u00cd sl\u00edku \u00fej\u00f3\u00f0f\u00e9lags\u00e1standi skipta hin g\u00f6mlu og g\u00f3\u00f0u gildi jafna\u00f0arstefnu og verkal\u00fd\u00f0shreyfingar um samst\u00f6\u00f0u og samtakam\u00e1tt aftur meira m\u00e1li en nokkru sinni fyrr. \u00dea\u00f0 sem birtist \u00e1 \u00feessari heimas\u00ed\u00f0u er og ver\u00f0ur skrifa\u00f0 \u00ed anda hugsj\u00f3na jafna\u00f0arstefnunnar um frelsi, jafnr\u00e9tti og br\u00e6\u00f0ralag.<\/p>","protected":false},"excerpt":{"rendered":"<p>Hrun efnahagsl\u00edfsins, dr\u00e1psklifjar skulda sem sliga fyrirt\u00e6ki og fj\u00f6lskyldur og h\u00e6ttu\u00e1standi\u00f0 sem vakir vi\u00f0 hvert f\u00f3tm\u00e1l \u00fat af hr\u00f6sulum gjaldmi\u00f0li, leitar sterkt \u00e1 huga allra \u00cdslendinga \u00feessi misserin. M\u00e9r rennur bl\u00f3\u00f0i\u00f0 til skyldunnar eins og \u00f6\u00f0rum a\u00f0 reyna a\u00f0 \u00e1tta mig \u00e1, hversu alvarlegt \u00e1falli\u00f0 er og hva\u00f0a lei\u00f0ir eru helst f\u00e6rar \u00fat \u00far \u00f3g\u00f6ngunum. \u00dea\u00f0 vantar ekki a\u00f0 \u00fea\u00f0 er gr\u00ed\u00f0arleg hugmyndaleg gerjun allt um kring, en \u00ed og me\u00f0 \u00feess vegna er athygli manna hvikul og kjarni m\u00e1lsins vill stundum t\u00fdnast \u00ed tilfinningalegu umr\u00f3ti. <\/p>\n","protected":false},"author":2,"featured_media":0,"comment_status":"closed","ping_status":"closed","sticky":false,"template":"","format":"standard","meta":{"_monsterinsights_skip_tracking":false,"_monsterinsights_sitenote_active":false,"_monsterinsights_sitenote_note":"","_monsterinsights_sitenote_category":0,"footnotes":""},"categories":[1,9],"tags":[],"class_list":["post-1085","post","type-post","status-publish","format-standard","hentry","category-allar_greinar","category-greinar_og_vidtol"],"_links":{"self":[{"href":"https:\/\/jbh.is\/index.php?rest_route=\/wp\/v2\/posts\/1085","targetHints":{"allow":["GET"]}}],"collection":[{"href":"https:\/\/jbh.is\/index.php?rest_route=\/wp\/v2\/posts"}],"about":[{"href":"https:\/\/jbh.is\/index.php?rest_route=\/wp\/v2\/types\/post"}],"author":[{"embeddable":true,"href":"https:\/\/jbh.is\/index.php?rest_route=\/wp\/v2\/users\/2"}],"replies":[{"embeddable":true,"href":"https:\/\/jbh.is\/index.php?rest_route=%2Fwp%2Fv2%2Fcomments&post=1085"}],"version-history":[{"count":5,"href":"https:\/\/jbh.is\/index.php?rest_route=\/wp\/v2\/posts\/1085\/revisions"}],"predecessor-version":[{"id":2895,"href":"https:\/\/jbh.is\/index.php?rest_route=\/wp\/v2\/posts\/1085\/revisions\/2895"}],"wp:attachment":[{"href":"https:\/\/jbh.is\/index.php?rest_route=%2Fwp%2Fv2%2Fmedia&parent=1085"}],"wp:term":[{"taxonomy":"category","embeddable":true,"href":"https:\/\/jbh.is\/index.php?rest_route=%2Fwp%2Fv2%2Fcategories&post=1085"},{"taxonomy":"post_tag","embeddable":true,"href":"https:\/\/jbh.is\/index.php?rest_route=%2Fwp%2Fv2%2Ftags&post=1085"}],"curies":[{"name":"wp","href":"https:\/\/api.w.org\/{rel}","templated":true}]}}