{"id":1145,"date":"2007-04-23T00:00:00","date_gmt":"2007-04-23T00:00:00","guid":{"rendered":"https:\/\/staging.jbh.is\/?p=1145"},"modified":"2020-09-22T14:37:13","modified_gmt":"2020-09-22T14:37:13","slug":"er-sjalfstaedisflokknum-treystandi-fyrir-hagstjorninni","status":"publish","type":"post","link":"https:\/\/jbh.is\/?p=1145","title":{"rendered":"ER SJ\u00c1LFST\u00c6\u00d0ISFLOKKNUM TREYSTANDI FYRIR HAGSTJ\u00d3RNINNI"},"content":{"rendered":"<h2>\u201cEES-samningurinn breytti \u00f6llu.\u201d<\/h2>\n<p>Eftir a\u00f0 \u00e1hrifa EES- samningsins t\u00f3k a\u00f0 g\u00e6ta upp \u00far 1994 hefur r\u00edkt n\u00e6r samfellt g\u00f3\u00f0\u00e6ri \u00e1 \u00cdslandi, \u00fe\u00f3tt slegi\u00f0 hafi \u00ed bakseglin um og upp \u00far aldam\u00f3tunum. EES-samningurinn meira en hundra\u00f0falda\u00f0i hinn \u00f6rsm\u00e1a \u00edslenska heimamarka\u00f0, innleiddi evr\u00f3pskar samkeppnisreglur, greiddi fyrir st\u00f3rauknum vi\u00f0skiptum og skapa\u00f0i t\u00e6kif\u00e6ri til n\u00fdrra fj\u00e1rfestinga. \u00dear me\u00f0 h\u00f3fst n\u00fdtt framfaraskei\u00f0 \u00e1 \u00cdslandi. \u00cd vi\u00f0tali vi\u00f0 Vi\u00f0skiptabla\u00f0i\u00f0 segir Einar Sveinsson, forma\u00f0ur bankastj\u00f3rnar Glitnis: EES-samningurinn breytti \u00f6llu.<\/p>\n\n\n<!--more Lesa meira-->\n\n\n<p>EES-samningurinn var a\u00f0 \u00fev\u00ed er var\u00f0ar efni og inntak fullfr\u00e1genginn \u00ed t\u00ed\u00f0 vinstri<br>\nstj\u00f3rnar Steingr\u00edms Hermannssonar og \u00f3rj\u00fafanlega tengdur nafni fv. formanns Al\u00fe\u00fd\u00f0uflokksins, sem st\u00fdr\u00f0i samningsger\u00f0inni fr\u00e1 upphafi til enda fyrir \u00cdslands h\u00f6nd. Al\u00fe\u00fd\u00f0uflokkurinn var eini flokkurinn, sem studdi EES-samninginn heill og \u00f3skiptur. Sj\u00e1lfst\u00e6\u00f0isflokkurinn var \u00e1 m\u00f3ti samningnum, \u00feegar hann var \u00ed stj\u00f3rnarandst\u00f6\u00f0u, en skipti um sko\u00f0un eftir kosningar 1991. Samningurinn var mj\u00f6g umdeildur \u00ed kosningunum 1991. Sj\u00e1lfst\u00e6\u00f0isflokkurinn for\u00f0a\u00f0ist a\u00f0 l\u00e1ta brj\u00f3ta \u00e1 s\u00e9r me\u00f0 stu\u00f0ningi vi\u00f0 samninginn. Eftir a\u00f0 Al\u00fe\u00fd\u00f0uflokkurinn ger\u00f0i stu\u00f0ning vi\u00f0 EES-samninginn a\u00f0 skilyr\u00f0i vi\u00f0 myndun Vi\u00f0eyjarstj\u00f3rnarinnar 1991, greiddu flestir \u00feingmenn Sj\u00e1lfst\u00e6\u00f0isflokksins atkv\u00e6\u00f0i me\u00f0 samningnum, \u00fe\u00f3tt \u00fdmsir \u00e1hrifamenn \u00ed flokknum v\u00e6ru \u00e1 m\u00f3ti.<\/p>\n<h2>Heimilin borga fyrir hagstj\u00f3rnarmist\u00f6kin.<\/h2>\n<p>\u00c1ri\u00f0 2001 t\u00f3k Se\u00f0labanki \u00cdslands upp \u00fe\u00e1 stefnu a\u00f0 hafa flj\u00f3tandi gengi me\u00f0 yfirl\u00fdstu markmi\u00f0i um l\u00e1ga ver\u00f0b\u00f3lgu. Eftir \u00fea\u00f0 var fyrirsj\u00e1anlegt, a\u00f0 meira mundi reyna \u00e1 r\u00edkisfj\u00e1rm\u00e1lin og efnahagsstefnu stj\u00f3rnvalda, til \u00feess a\u00f0 vi\u00f0halda st\u00f6\u00f0ugleika. \u00c1 s.l. kj\u00f6rt\u00edmabili, sem l\u00fdkur 12. ma\u00ed n.k., er \u00fea\u00f0 samd\u00f3ma \u00e1lit allra d\u00f3mb\u00e6rra a\u00f0ila, a\u00f0 hagstj\u00f3rn r\u00edkisstj\u00f3rnar Sj\u00e1lfst\u00e6\u00f0isflokksins hafi brug\u00f0ist.<\/p>\n<p>Megin\u00e1st\u00e6\u00f0an var ekki K\u00e1rahnj\u00fakavirkjun og \u00e1lveri\u00f0 eystra, \u00fe\u00f3tt \u00feessar l\u00e1nsfj\u00e1rm\u00f6gnu\u00f0u st\u00f3rframkv\u00e6mdir spenntu bogann til hins \u00fdtrasta. Innstreymi erlends l\u00e1nsfj\u00e1r \u00e1 sama t\u00edma til a\u00f0 fj\u00e1rmagna h\u00fasn\u00e6\u00f0\u00edsl\u00e1namarka\u00f0inn a\u00f0 frumkv\u00e6\u00f0i r\u00edkisstj\u00f3rnarinnar sj\u00e1lfrar og me\u00f0 atbeina bankanna kollvarpa\u00f0i st\u00f6\u00f0ugleikanum. \u00cd upphafi styrktist gengi kr\u00f3nunnar vi\u00f0 \u00feetta, sem kynti undir einkaneyslu og vi\u00f0skiptahalla, sem hefur slegi\u00f0 heimsmet \u00ed t\u00ed\u00f0 fr\u00e1farandi r\u00edkisstj\u00f3rnar. Me\u00f0fylgjandi skuldsetning \u00fej\u00f3\u00f0arb\u00fasins \u2013 og \u00edslensk heimili eru n\u00fa or\u00f0in hin skuldugustu \u00ed heimi \u2013 veikti traust \u00e1 gjaldmi\u00f0linum og hleypti af sta\u00f0 ver\u00f0b\u00f3lgu\u00f6ldu, sem enn er ekki s\u00e9\u00f0 fyrir endann \u00e1. \u00cd 55 m\u00e1nu\u00f0i af 72 hefur ver\u00f0b\u00f3lgan veri\u00f0 langt yfir yfirl\u00fdstum markmi\u00f0um Se\u00f0labankans. Skortur \u00e1 a\u00f0haldi \u00ed r\u00edkisrekstri, sem keyrt hefur um \u00feverbak \u00ed a\u00f0draganda kosninganna, vinnur gegn peningam\u00e1lastefnunni og \u00fdtir undir ver\u00f0b\u00f3lguna. Vinstri h\u00f6ndin veit ekki, hva\u00f0 s\u00fa h\u00e6gri gerir. Hagstj\u00f3rnin, sem \u00e1 a\u00f0 sn\u00faast um \u00fea\u00f0 a\u00f0 koma \u00e1 og vi\u00f0halda st\u00f6\u00f0ugleika, hefur brug\u00f0ist.<\/p>\n<p>Uppi \u00ed Se\u00f0labanka situr fyrrverandi fors\u00e6tisr\u00e1\u00f0herra, Dav\u00ed\u00f0 Oddsson, og reynir af veikum bur\u00f0um a\u00f0 sl\u00f6kkva \u00fe\u00e1 elda, sem hann kveikti \u00ed fors\u00e6tisr\u00e1\u00f0herrat\u00ed\u00f0 sinni. Me\u00f0 \u00fev\u00ed a\u00f0 sl\u00e1 OECD met \u00ed vaxtah\u00e6kkunum hj\u00e1 bankakerfinu, telur hann sig vera a\u00f0 sl\u00e1 \u00e1 ver\u00f0b\u00f3lguna. En \u00fear sem skuldir heimilanna eru a\u00f0 st\u00e6rstum hluta \u00ed ver\u00f0trygg\u00f0um langt\u00edmal\u00e1num \u00e1 f\u00f6stum v\u00f6xtum hafa \u00feessir okurvextir l\u00edtil \u00e1hrif til \u00feess a\u00f0 sl\u00e1 \u00e1 l\u00e1nsfj\u00e1reftirspurn. En ver\u00f0b\u00f3lgureikningurinn, sem b\u00e6tist vi\u00f0 h\u00f6fu\u00f0st\u00f3l l\u00e1nanna \u00ed gegnum ver\u00f0trygginguna, hefur auki\u00f0 \u00fatgj\u00f6ld hinnar skuldugu fj\u00f6lskyldu um h\u00e1lfa millj\u00f3n \u00e1 \u00e1ri n\u00e6stu \u00e1ratugina.<\/p>\n<h2>H\u00e6ttu\u00e1stand framundan.<\/h2>\n<p>Vegna \u00f3st\u00f6\u00f0ugleika kr\u00f3nunnar hafa fyrirt\u00e6kin \u00ed landinu or\u00f0i\u00f0 a\u00f0 b\u00faa vi\u00f0 meira en 40% sveiflu \u00ed helstu raunst\u00e6r\u00f0um s\u00ednum, eins og tekjum, gj\u00f6ldum og grei\u00f0slubyr\u00f0i af l\u00e1num. Forstj\u00f3ri Marels segir, a\u00f0 engar fj\u00e1rfestingar geti risi\u00f0 undir meira en 20% \u00e1v\u00f6xtunarkr\u00f6fu, eins og vaxtastigi\u00f0 \u00e1 \u00cdslandi \u00fatheimtir. Fyrirt\u00e6kin hafa \u00fev\u00ed \u00ed vaxandi m\u00e6li ney\u00f0st til a\u00f0 for\u00f0a s\u00e9r undan hagstj\u00f3rnarmist\u00f6kum stj\u00f3rnvalda me\u00f0 \u00fev\u00ed a\u00f0 taka upp evru. Einstaklingar, \u00feeir sem \u00fea\u00f0 geta, reyna a\u00f0 fylgja ford\u00e6mi \u00feeirra. \u00cdslenska kr\u00f3nan er \u00fev\u00ed ekki lengur noth\u00e6fur gjaldmi\u00f0ill \u00ed alv\u00f6ru vi\u00f0skiptum. Forystuli\u00f0 atvinnul\u00edfsins hefur a\u00f0 undanf\u00f6rnu glata\u00f0 trausti \u00e1 efnahagsstefnu r\u00edkisstj\u00f3rnarinnar og er \u00ed vaxandi m\u00e6li fylgjandi inng\u00f6ngu \u00ed Evr\u00f3pusambandi\u00f0 og uppt\u00f6ku evru til a\u00f0 tryggja \u00feann l\u00e1gmarksst\u00f6\u00f0ugleika, sem \u00feeim er l\u00edfsnau\u00f0syn. \u00deetta er enn ein vantraustsyfirl\u00fdsingin \u00e1 stj\u00f3rnarstefnuna fr\u00e1 m\u00e1ttarst\u00f3lpum atvinnul\u00edfsins.<\/p>\n<p>Stj\u00f3rnarflokkarnir segja, a\u00f0 Evr\u00f3pusambandsa\u00f0ild s\u00e9 ekki \u00e1 dagskr\u00e1. Veruleikinn hefur hins vegar gengisfellt \u00fe\u00e1 stefnuyfirl\u00fdsingu. Markmi\u00f0sl\u00fdsingin ein og s\u00e9r um inng\u00f6ngu \u00ed Evr\u00f3pusambandi\u00f0 getur veitt stj\u00f3rnv\u00f6ldum a\u00f0hald \u00ed a\u00f0 n\u00e1 ni\u00f0ur v\u00f6xtum, ver\u00f0b\u00f3lgu og vi\u00f0skiptahalla, eins og nau\u00f0synlegt er til a\u00f0 uppfylla sett skilyr\u00f0i um inng\u00f6ngu. \u00deannig er stefna r\u00edkisstj\u00f3rnarinnar \u00ed efnahagsm\u00e1lum \u00fat \u00far \u00f6llu korti mi\u00f0a\u00f0 vi\u00f0 \u00feann veruleika, sem vi\u00f0 blasir.<\/p>\n<p>A\u00f0standendur Vi\u00f0skiptabla\u00f0isins og lei\u00f0arah\u00f6fundar \u00feess og fyrrverandi forma\u00f0ur Sj\u00e1lfst\u00e6\u00f0isflokksins, \u00deorsteinn P\u00e1lsson, ritstj\u00f3ri Fr\u00e9ttabla\u00f0sins, eru sm\u00e1m saman a\u00f0 geraa s\u00e9r \u00feetta lj\u00f3st. Framundan eru h\u00e6ttumerki. Vaxtamunurinn milli \u00cdslands og evrusv\u00e6\u00f0isins er or\u00f0inn um 11%. \u00deessi mikli vaxtamunur hefur a\u00f0 undanf\u00f6rnu freista\u00f0 erlendra fj\u00e1rfesta, \u00feannig a\u00f0 hundru\u00f0 milljar\u00f0a hafa streymt inn \u00ed hagkerfi\u00f0 (svok\u00f6llu\u00f0 j\u00f6klabr\u00e9f) \u00ed von um skj\u00f3tfenginn gr\u00f3\u00f0a. \u00deetta heldur uppi gengi kr\u00f3nunnar, sem aftur vi\u00f0heldur vi\u00f0skiptahallanum. \u00dear me\u00f0 er boginn spenntur til gengisfalls s\u00ed\u00f0ar me\u00f0 aukinni ver\u00f0b\u00f3lgu. S\u00f0elabankinn er kominn \u00ed \u00fevinga\u00f0a st\u00f6\u00f0u: Nau\u00f0synleg vaxtal\u00e6kkun sendir ekki einasta r\u00f6ng skilabo\u00f0 \u00fat \u00e1 marka\u00f0inn og getur leitt til \u00feess, a\u00f0 hinir erlendur spek\u00falantar kippi fyrirvaralaust a\u00f0 s\u00e9r hendinni og kn\u00fdi okkar yfirspennta hagkerfi \u00ed brotlendingu. Vi\u00f0 \u00feetta b\u00e6tist, a\u00f0 vegna a\u00f0haldsleysis \u00ed r\u00edkis\u00fatgj\u00f6ldum, ver\u00f0ur fyrirsj\u00e1anlega halli \u00e1 r\u00edkissj\u00f3\u00f0i strax \u00e1r\u00f0 2008, ef eitthva\u00f0 tekst a\u00f0 draga \u00far \u00feenslu og vi\u00f0skiptahalla. \u00dea\u00f0 er \u00fev\u00ed engin innist\u00e6\u00f0a fyrir \u00f6llum st\u00f3ru kosninga\u00e1v\u00edsununum, sem r\u00e1\u00f0herrarnir dreifa \u00fat og su\u00f0ur \u00ed kosningabar\u00e1ttunni af fullkomnu \u00e1byrg\u00f0arleysi.<\/p>\n<h2>Flokkar me\u00f0 fort\u00ed\u00f0.<\/h2>\n<p>\u00cd upphafi var spurt: Er Sj\u00e1lfst\u00e6\u00f0isflokknum treystandi fyrir hagstj\u00f3rninni? \u00c1 grundvelli \u00feeirra sta\u00f0reynda, sem h\u00e9r hafa veri\u00f0 raktar um reynsluna af hagstj\u00f3rn hans \u00e1 s.l. kj\u00f6rt\u00edmabili, er svari\u00f0 sk\u00fdrt: Nei \u2013 Sj\u00e1lfst\u00e6\u00f0isflokkurinn hefur ekki reynst traustsins ver\u00f0ur var\u00f0andi \u00e1byrga efnahagsstefnu og trausta hagstj\u00f3rn. Hann f\u00e6r \u00fev\u00ed falleinkunn. \u00deetta \u00e6tti ekki a\u00f0 koma neinum \u00e1 \u00f3vart, sem \u00feekkir reynsluna af langri stj\u00f3rnarsetu Sj\u00e1lfst\u00e6\u00f0isflokksins \u00e1 l\u00fd\u00f0veldist\u00edmanum. Sj\u00e1lfst\u00e6\u00f0isflokkurinn hefur seti\u00f0 meira og minna samfellt \u00ed r\u00edkisstj\u00f3rnum allt fr\u00e1 upphafi seinni heimstyrjaldar til dagsins \u00ed dag. Lengst af \u00e1 \u00feessu t\u00edmabili keppti hann um v\u00f6ldin vi\u00f0 Frams\u00f3knarflokkinn, og saman stj\u00f3rnu\u00f0u \u00feeir samkv\u00e6mt svokalla\u00f0ri helmingaskiptareglu. B\u00e1\u00f0ir flokkarnir voru r\u00edkisforsj\u00e1rflokkar, sem notu\u00f0u r\u00edkisvaldi\u00f0 til a\u00f0 \u00fatdeila yfirr\u00e1\u00f0asv\u00e6\u00f0um og \u00f6\u00f0rum hlunnindum til fyrirt\u00e6kja me\u00f0 v\u00e6num skammti af p\u00f3lit\u00edskri spillingu. B\u00e1\u00f0ir hafa flokkarnir sta\u00f0i\u00f0 dyggan v\u00f6r\u00f0 um r\u00edkisreki\u00f0 landb\u00fana\u00f0arkerfi \u00e1 kostna\u00f0 skattgrei\u00f0enda og neytenda, sem borga fyrir \u00fea\u00f0 me\u00f0 tv\u00f6falt h\u00e6rri r\u00edkisstyrkjum en t\u00ed\u00f0kast \u00ed Evr\u00f3pusambandinu og h\u00e6sta matarver\u00f0i \u00ed heimi.<\/p>\n<h2>Jafna\u00f0armenn \u00ed forystuhlutverki.<\/h2>\n<p>St\u00f3ru fr\u00e1vikin fr\u00e1 \u00feessari fort\u00ed\u00f0arhagstj\u00f3rn eru eftirfarandi: Vi\u00f0reisnart\u00edmabili\u00f0 (1959-71) og kerfisbreytingarnar, sem ur\u00f0u \u00ed t\u00ed\u00f0 vinstristj\u00f3rnar Steingr\u00edms Hermannssonar (1988-91) og \u00ed t\u00ed\u00f0 Vi\u00f0eyjarstj\u00f3rnarinnar (1991-95) og fyrir tilverkna\u00f0 EES-samningsins s\u00ed\u00f0an. \u00dea\u00f0 sem er sameiginlegt me\u00f0 \u00feessum umb\u00f3tat\u00edmabilum er eitt: \u00de\u00e1 voru jafna\u00f0armenn \u00ed r\u00edkisstj\u00f3rn og beittu s\u00e9r sem frumkv\u00f6\u00f0lar fyrir kerfisbreytingum \u00e1 hagkerfi og hagstj\u00f3rn \u00ed \u00fe\u00e1 \u00e1tt a\u00f0 losa um fj\u00f6tra r\u00edkisforsj\u00e1r og stu\u00f0la a\u00f0 auknu frelsi \u00ed vi\u00f0skiptum. \u00deetta ger\u00f0ist \u00e1 vi\u00f0reisnar\u00e1runum undir forystu Gylfa \u00de. G\u00edslasonar, formanns Al\u00fe\u00fd\u00f0uflokksins. Vi\u00f0reisnarstj\u00f3rnin batt endi \u00e1 r\u00edkisreki\u00f0 millif\u00e6rslu- og sk\u00f6mmtunarkerfi fyrri t\u00ed\u00f0ar. H\u00fan skr\u00e1\u00f0i gengi\u00f0 r\u00e9tt og j\u00f3k innflutningsfrelsi. \u00cd t\u00ed\u00f0 vinstristj\u00f3rnar Steingr\u00edms Hermannssonar n\u00e1\u00f0ist ver\u00f0b\u00f3lgan \u00ed fyrsta sinn ni\u00f0ur \u00ed eins stafs t\u00f6lu. \u00cd n\u00e1nu samstarfi vi\u00f0 a\u00f0ila vinnumarka\u00f0arins um \u00fej\u00f3\u00f0ars\u00e1tt um st\u00f6\u00f0ugleika. Fyrstu skrefin voru stigin \u00ed \u00e1tt til einkav\u00e6\u00f0ingar bankanna. Frelsi \u00ed vi\u00f0skiptum og fj\u00e1rmagnsflutningum var auki\u00f0, og \u00fatflutningsab\u00e6tur landb\u00fana\u00f0arafur\u00f0a voru afnumdar. \u00dea\u00f0 sem mun halda nafni Vi\u00f0eyjarstj\u00f3rnarinnar \u00e1 loft er, a\u00f0 h\u00fan trygg\u00f0i EES-samningnum meirihluta \u00e1 Al\u00feingi og lag\u00f0i \u00feannig grundv\u00f6llinn a\u00f0 \u00fev\u00ed framfaraskei\u00f0i, sem enn stendur.<\/p>\n<p>\u00deessi saga s\u00fdnir okkur, a\u00f0 \u00feegar \u00e1 hefur reynt og \u00feurfti a\u00f0 losa um fj\u00f6tra r\u00edkisforsj\u00e1r og flokksr\u00e6\u00f0is og innlei\u00f0a marka\u00f0sb\u00faskap undir almennum leikreglum og fr\u00edverslun \u00ed utanr\u00edkisvi\u00f0skiptum, hefur frumkv\u00e6\u00f0i\u00f0 \u00e6vinlega komi\u00f0 fr\u00e1 jafna\u00f0arm\u00f6nnum. \u00de\u00f3tt Sj\u00e1lfst\u00e6\u00f0isflokkurinn s\u00e9 st\u00f3r og fyrirfer\u00f0armikill \u00ed fl\u00f3ru \u00edslenska flokkakerfisins, hefur hann aldrei n\u00fdtt bur\u00f0i s\u00edna fyrir hinum st\u00f3ru umb\u00f3tam\u00e1lum, sem hafa skipt sk\u00f6pum um n\u00fat\u00edmalega stj\u00f3rnarh\u00e6tti \u00e1 \u00cdslandi. \u00dea\u00f0 forystuhlutvberk hefur veri\u00f0 \u00ed h\u00f6ndum jafna\u00f0armanna. En me\u00f0 atbeina Sj\u00e1lfst\u00e6\u00f0isflokksins, \u00fe\u00f3 alltaf fyrir utan hin helgu v\u00e9 landb\u00fana\u00f0arkerfisins, sem helmingaskiptaflokkarnir hafa sta\u00f0i\u00f0 tr\u00faan v\u00f6r\u00f0 um.<\/p>\n<p>N\u00fa er kominn t\u00edmi til a\u00f0 gera atrennu a\u00f0 \u00feri\u00f0ju st\u00f3ru umb\u00f3tatilrauninni til a\u00f0 festa \u00ed sessi \u00feann \u00e1rangur, sem n\u00e1\u00f0st hefur og tryggja \u00feann st\u00f6\u00f0ugleika \u00ed efnahagsumhverfinu, sem er forsenda framfara til framb\u00fa\u00f0ar. Og \u00fe\u00e1 er spurningin: \u00cd lj\u00f3si li\u00f0innar s\u00f6gu og a\u00f0 fenginni reynslu \u2013 hverjum er best treystandi til a\u00f0 v\u00edsa veginn \u00e1 \u00feeirri lei\u00f0?<\/p>","protected":false},"excerpt":{"rendered":"<p>\u00cd Silfri Egils s.l. sunnudag 22. apr\u00edl l\u00fdsti Agnes Bragad\u00f3ttir, stj\u00f6rnubla\u00f0ama\u00f0ur Morgunbla\u00f0sins,<br \/>\n\u00fev\u00ed yfir, a\u00f0 hana hryllti vi\u00f0 tilhugsuninni um vinstristj\u00f3rn eftir kosningarnar 12. ma\u00ed. A\u00f0 baki \u00feessum umm\u00e6lum<br \/>\nAgnesar b\u00fdr tr\u00falega hin l\u00edfseiga go\u00f0s\u00f6gn um, a\u00f0 Sj\u00e1lfst\u00e6\u00f0isflokknum s\u00e9 einum treystandi fyrir hagstj\u00f3rninni. En er \u00fea\u00f0 svo? Hver er d\u00f3mur sta\u00f0reyndanna? <\/p>\n","protected":false},"author":2,"featured_media":0,"comment_status":"closed","ping_status":"closed","sticky":false,"template":"","format":"standard","meta":{"_monsterinsights_skip_tracking":false,"_monsterinsights_sitenote_active":false,"_monsterinsights_sitenote_note":"","_monsterinsights_sitenote_category":0,"footnotes":""},"categories":[1,9],"tags":[],"class_list":["post-1145","post","type-post","status-publish","format-standard","hentry","category-allar_greinar","category-greinar_og_vidtol"],"_links":{"self":[{"href":"https:\/\/jbh.is\/index.php?rest_route=\/wp\/v2\/posts\/1145","targetHints":{"allow":["GET"]}}],"collection":[{"href":"https:\/\/jbh.is\/index.php?rest_route=\/wp\/v2\/posts"}],"about":[{"href":"https:\/\/jbh.is\/index.php?rest_route=\/wp\/v2\/types\/post"}],"author":[{"embeddable":true,"href":"https:\/\/jbh.is\/index.php?rest_route=\/wp\/v2\/users\/2"}],"replies":[{"embeddable":true,"href":"https:\/\/jbh.is\/index.php?rest_route=%2Fwp%2Fv2%2Fcomments&post=1145"}],"version-history":[{"count":2,"href":"https:\/\/jbh.is\/index.php?rest_route=\/wp\/v2\/posts\/1145\/revisions"}],"predecessor-version":[{"id":2929,"href":"https:\/\/jbh.is\/index.php?rest_route=\/wp\/v2\/posts\/1145\/revisions\/2929"}],"wp:attachment":[{"href":"https:\/\/jbh.is\/index.php?rest_route=%2Fwp%2Fv2%2Fmedia&parent=1145"}],"wp:term":[{"taxonomy":"category","embeddable":true,"href":"https:\/\/jbh.is\/index.php?rest_route=%2Fwp%2Fv2%2Fcategories&post=1145"},{"taxonomy":"post_tag","embeddable":true,"href":"https:\/\/jbh.is\/index.php?rest_route=%2Fwp%2Fv2%2Ftags&post=1145"}],"curies":[{"name":"wp","href":"https:\/\/api.w.org\/{rel}","templated":true}]}}