{"id":1153,"date":"2006-05-24T00:00:00","date_gmt":"2006-05-24T00:00:00","guid":{"rendered":"https:\/\/staging.jbh.is\/?p=1153"},"modified":"2020-09-22T17:09:53","modified_gmt":"2020-09-22T17:09:53","slug":"ur-felum","status":"publish","type":"post","link":"https:\/\/jbh.is\/?p=1153","title":{"rendered":"\u00daR FELUM"},"content":{"rendered":"<h2>H\u00f6fundur velfer\u00f0arr\u00edkisins.<\/h2>\n<p>Allar efasemdir hef\u00f0u svo horfi\u00f0 \u00far huga geimverunnar vi\u00f0 a\u00f0 heyra Kjartan Gunnarsson, fj\u00e1rfesti, (sem st\u00fdr\u00f0i Sj\u00e1lfst\u00e6\u00f0isflokknum og Landsbankanum um skei\u00f0 \u00ed aukavinnu) uppl\u00fdsa almenning um \u00fea\u00f0 \u00ed \u00fatvarps\u00fe\u00e6tti \u00ed vikulokin, a\u00f0 Sj\u00e1lfst\u00e6\u00f0isflokkurinn hef\u00f0i fundi\u00f0 upp velfer\u00f0arr\u00edki\u00f0.<\/p>\n\n\n<!--more Lesa meira-->\n\n\n<p>\u00dear me\u00f0 hef\u00f0i geimveran slegi\u00f0 \u00fev\u00ed f\u00f6stu, a\u00f0 Sj\u00e1lfst\u00e6\u00f0isflokkurinn v\u00e6ri hei\u00f0ursf\u00e9lagi \u00ed Al\u00fej\u00f3\u00f0asambandi jafna\u00f0armanna, ef ekki beinl\u00ednis arftakaflokkur komm\u00fanistaflokksins s\u00e1la\u00f0a. Ef einhver hef\u00f0i \u00e1lpast til a\u00f0 nefna a\u00f0 fyrra brag\u00f0i Hannes H\u00f3lmstein og frj\u00e1lshyggjuf\u00e9lagi\u00f0 \u00ed hir\u00f0 Dav\u00ed\u00f0s \u00e1 nafn, hef\u00f0i s\u00e1 hinn sami veri\u00f0 fullvissa\u00f0ur um, a\u00f0 Hannes v\u00e6ri n\u00faor\u00f0i\u00f0 sau\u00f0meinlaus, enda lagstur \u00ed fer\u00f0al\u00f6g og b\u00f3kmenntagr\u00fask. Enda v\u00e6ru allar str\u00ed\u00f0syfirl\u00fdsingar h\u00e6gri sinna\u00f0ra hugsj\u00f3narmanna gegn velfer\u00f0arr\u00edkinu horfnar af heimas\u00ed\u00f0um \u00feeirra &#8211; fyrir kosningar.Og r\u00e1nfuglsmerki\u00f0? Bara upstoppa\u00f0ar fornmenjar og stofust\u00e1ss. Hafi\u00f0 engar \u00e1hyggjur. \u00dej\u00f3\u00f0 sem er svo lukkuleg a\u00f0 eiga svona g\u00f3\u00f0ger\u00f0af\u00e9lag eins og Sj\u00e1lfst\u00e6\u00f0isflokkinn fyrir \u00fej\u00f3\u00f0arflokk, \u00fearf \u00e1rei\u00f0anlega ekki \u00e1 neinum jafna\u00f0armannaflokki a\u00f0 halda &#8211; e\u00f0a hva\u00f0?<\/p>\n<h2>Velfer\u00f0arr\u00edki\u00f0 og \u00f3vinir \u00feess.<\/h2>\n<p>En hef\u00f0i geimveran m\u00e1tt vera a\u00f0 \u00fev\u00ed a\u00f0 sitja \u00e1rsfund Se\u00f0labankans, hef\u00f0i h\u00fan fengi\u00f0 a\u00f0 heyra meira. \u00dear hef\u00f0i h\u00fan t.d. heyrt Se\u00f0labankastj\u00f3rann (fyrrverandi formann G\u00f3\u00f0ger\u00f0arf\u00e9lagsins) skeyta skapi s\u00ednu \u00e1 fyrrverandi f\u00e9l\u00f6gum s\u00ednum \u00ed r\u00edkisstj\u00f3rn &#8211; einkum \u00fe\u00f3 arftaka s\u00ednum \u00e1 formannsst\u00f3li og fyrrverandi fj\u00e1rm\u00e1lar\u00e1herra, Geir Haarde &#8211; fyrir a\u00f0 hafa brug\u00f0ist \u00ed bar\u00e1ttunni vi\u00f0 ver\u00f0b\u00f3lguna. Og fyrir a\u00f0 hafa skili\u00f0 sig einan eftir \u00e1 ver\u00f0b\u00f3lguvaktinni. Ver\u00f0b\u00f3lgan m\u00e6list n\u00fa hvorki meira n\u00e9 minna en 16% \u00e1 \u00feriggja m\u00e1na\u00f0a t\u00edmabili. Hin skulduga \u00fej\u00f3\u00f0 horfir hn\u00edpin \u00e1 h\u00f6fu\u00f0st\u00f3l skuldanna b\u00f3lgna \u00fat, vaxtabyr\u00f0ina \u00feyngjast og kaupm\u00e1ttinn hr\u00ed\u00f0falla. Hinir skuldugu vita, a\u00f0 veislunni er loki\u00f0 og a\u00f0 reikningarnir eru komnir \u00ed innheimtu. \u00c1st\u00e6\u00f0an er ekki illmennska heldur \u00e1byrg\u00f0arleysi \u00ed r\u00edkisfj\u00e1rm\u00e1lum, a\u00f0 s\u00f6gn Se\u00f0labankastj\u00f3rans. \u00c1 \u00fatlensku heitir \u00feetta &#8220;incompetence&#8221; &#8211; en \u00e1 \u00edslensku f\u00fask. Aflei\u00f0ingarnar eru hinar s\u00f6mu, hverjar svo sem nafngiftirnar eru. \u00dea\u00f0 er komi\u00f0 a\u00f0 skuldad\u00f6gum. Og \u00fea\u00f0 eru kj\u00f3sendur sem borga br\u00fasann.<\/p>\n<h2>Skattar og sker\u00f0ingar.<\/h2>\n<p>Kannski geimveran hef\u00f0i m\u00e1tt vera a\u00f0 \u00fev\u00ed a\u00f0 sl\u00e1st \u00ed h\u00f3pinn \u00ed H\u00e1sk\u00f3lab\u00ed\u00f3i, \u00fear sem fulltr\u00faar \u00ferett\u00e1n \u00fe\u00fasunda a\u00f0standenda aldra\u00f0ra heyr\u00f0u Dr. Stef\u00e1n \u00d3lafsson, pr\u00f3fessor, afhj\u00fapa blekkinguna um hi\u00f0 meinta G\u00f3\u00f0ger\u00f0af\u00e9lag. Undir forystu fj\u00e1rm\u00e1lar\u00e1\u00f0herra G\u00f3\u00f0ger\u00f0af\u00e9lagsins, Geirs Haarde, hefur \u00f3j\u00f6fnu\u00f0ur vaxi\u00f0 sem aldrei fyrr \u00ed \u00edslensku samf\u00e9lagi. Hinir r\u00edku hafa or\u00f0i\u00f0 r\u00edkari, en hinir f\u00e1t\u00e6ku eru a\u00f0 ver\u00f0a f\u00e1t\u00e6kari. \u00deetta hefur sem betur fer ekki fari\u00f0 fram hj\u00e1 lesendum Morgunbla\u00f0isins, \u00fe\u00f6kk s\u00e9r ritstj\u00f3ra \u00feess. Allt er \u00feetta \u00ed anda Bush og Reagans, sem fj\u00e1rm\u00e1lar\u00e1\u00f0herrann fyrrverandi er sag\u00f0ur hafa \u00ed h\u00e1vegum. Geir hinn har\u00f0i hefur l\u00e9tt skattbyr\u00f0i hinna r\u00edku, en \u00feyngt hana \u00e1 \u00f6llum hinum, og mest \u00e1 \u00feeim, sem minnst bera \u00far b\u00fdtum. \u00deetta eru sta\u00f0reyndir, sem r\u00e1\u00f0herrum og hj\u00e1lparkokkum \u00feeirra hefur ekki tekist a\u00f0 hrekja, \u00fer\u00e1tt fyrir \u00e6rna tilbur\u00f0i.<br>\nMe\u00f0 skattastefnu sinni og tekjutengingu l\u00edfeyrisgrei\u00f0slna, mitt \u00ed g\u00f3\u00f0\u00e6rinu, hefur fj\u00e1rm\u00e1lar\u00e1\u00f0herrann teki\u00f0 til baka \u00ed r\u00edkissj\u00f3\u00f0 me\u00f0 h\u00e6gri hendinni \u00fea\u00f0 sem l\u00edfeyristryggingakerfi\u00f0 hefur greitt \u00f6ldru\u00f0um me\u00f0 vinstri hendinni. Se\u00f0labankastj\u00f3rinn lofsyngur \u00edslensku l\u00edfeyrissj\u00f3\u00f0ina og segir \u00fe\u00e1 vera hina \u00f6flugustu \u00ed heimi. \u00dea\u00f0 er nokku\u00f0 til \u00ed \u00fev\u00ed, \u00fe\u00f6kk s\u00e9 verkal\u00fd\u00f0shreyfingunni. En me\u00f0 sk\u00f6ttum s\u00ednum og sker\u00f0ingum hefur fj\u00e1rm\u00e1lar\u00e1\u00f0herra Sj\u00e1lfst\u00e6\u00f0isflokksins komi\u00f0 \u00ed veg fyrir, a\u00f0 ellil\u00edfeyris\u00feegar f\u00e1i noti\u00f0 \u00feessa skyldusparna\u00f0ar a\u00f0 lokinni starfs\u00e6vi. Skyldusparna\u00f0urinn er a\u00f0 verulegu leyti ger\u00f0ur uppt\u00e6kur \u00ed r\u00edkissj\u00f3\u00f0. Me\u00f0 \u00feessari stefnu eru fj\u00e1rm\u00e1lar\u00e1\u00f0herrar Sj\u00e1lfst\u00e6\u00f0isflokksins a\u00f0 grafa undan trausti almennings \u00e1 velfer\u00f0arr\u00edkinu. \u00deetta er eftir\u00f6pun \u00e1 a\u00f0f\u00f6r bandar\u00edskra h\u00e6grimanna undir forystu Bush a\u00f0 velfer\u00f0arr\u00edkinu. \u00deeir fylgja honum ekki bara \u00ed l\u00f6glausu ofbeldi \u00ed \u00cdrak. \u00deeir herma eftir honum \u00ed heimastj\u00f3rninni l\u00edka. Enda komst enska vikuriti\u00f0 The Economist a\u00f0 \u00feeirri ni\u00f0urst\u00f6\u00f0u, a\u00f0 hagstj\u00f3rnarmist\u00f6k \u00cdslendinga v\u00e6ru af sama toga og hj\u00e1 Bush &#8211; \u00e1byrg\u00f0arleysi \u00ed r\u00edkisfj\u00e1rm\u00e1lum, botnlaus vi\u00f0skiptahalli og hra\u00f0vaxandi \u00f3j\u00f6fnu\u00f0ur &#8211; og myndu enda me\u00f0 \u00f3sk\u00f6pum &#8211; \u00fear l\u00edkt og h\u00e9r.<\/p>\n<h2>A\u00f0 kvitta fyrir me\u00f0 kj\u00f6rse\u00f0li.<\/h2>\n<p>Kosningabar\u00e1tta, sem er rekin af \u00edmyndarumbum og f\u00f6r\u00f0unarmeisturum, mun seint kveikja \u00e1str\u00ed\u00f0ur \u00ed brj\u00f3stum f\u00f3lks. Enda er tilgangurinn s\u00e1 a\u00f0 sv\u00edkja b\u00e6\u00f0i m\u00e1l og vog \u00e6rlegra sko\u00f0anaskipta og a\u00f0 hylja veruleikann \u00ed v\u00e6r\u00f0arvo\u00f0um og felulitum. Eins og t.d. \u00feeim, a\u00f0 Sj\u00e1lfst\u00e6\u00f0isflokkurinn, \u00feessi gamli fyrirgrei\u00f0sluflokkur s\u00e9rhagsmunah\u00f3pa, s\u00e9 einhvers konar sambland af Rau\u00f0a krossinum og Thorvaldsensbasarnum. Gott ef M\u00f3\u00f0ir Theresa er ekki gengin \u00ed flokkinn, fyrir kosningar. En eldri borgarar \u00feessa lands og a\u00f0standendur \u00feeirra, \u00feeir sem fylltu H\u00e1sk\u00f3lab\u00ed\u00f3 og hafa n\u00fa stofna\u00f0 f\u00e9lagsskap til a\u00f0 halda hl\u00edfiskildi yfir \u00f6fum og \u00f6mmum \u00feessa lands, sem s\u00e6tt hafa skeytingarleysi og vanvir\u00f0u af h\u00e1lfu fj\u00e1rm\u00e1lar\u00e1\u00f0herra Sj\u00e1lfst\u00e6\u00f0isflokksins, vita betur.<br>\nKven\u00fej\u00f3\u00f0in veit l\u00edka, hverjir hafa r\u00e9tt hlut kvenna \u00ed stj\u00f3rns\u00fdslust\u00f6rfum og hverjir h\u00e6kku\u00f0u laun um\u00f6nnunarst\u00e9tta, \u00feegar \u00e1 reyndi. \u00dea\u00f0 ger\u00f0i borgarstj\u00f3rn Reykjav\u00edkur undir stj\u00f3rn Reykjav\u00edkurlistans. \u00deetta eru afgerandi st\u00f3rm\u00e1l, sem skilgreina afst\u00f6\u00f0u manna \u00ed p\u00f3lit\u00edk, \u00feegar \u00e1 reynir, ekki bara \u00ed or\u00f0i &#8211; heldur \u00ed verki. Og er n\u00fa r\u00e9tt a\u00f0 muna fr\u00fdjunaror\u00f0 Einars Odds um a\u00f0f\u00f6r a\u00f0 st\u00f6\u00f0ugleikanum af \u00feessu tilefni og yfirl\u00fdsingu Mathiesens, fj\u00e1rm\u00e1lar\u00e1\u00f0herra, um a\u00f0 kj\u00f6r um\u00f6nnunarst\u00e9tta k\u00e6mu honum ekki vi\u00f0. Kj\u00f6rse\u00f0lar eru kvittanir. Fyrir \u00feetta \u00fearf a\u00f0 kvitta.<\/p>\n<h2>Hugsj\u00f3nir og h\u00e6fileikar.<\/h2>\n<p>Og eitt enn: Fyrir ungu kynsl\u00f3\u00f0ina \u00ed Reykjav\u00edk er vali\u00f0 \u00ed \u00feessum kosningum au\u00f0velt. \u00dea\u00f0 er kosi\u00f0 um, hver skuli gegna emb\u00e6tti borgarstj\u00f3ra Reykv\u00edkinga. \u00deetta er valdamiki\u00f0 djobb. Vali\u00f0 stendur milli tveggja einstaklinga: Fulltr\u00faa hins gamla fyrirgrei\u00f0sluflokks s\u00e9rhagsmunanna annars vegar og lei\u00f0togaefnis n\u00fdrrar kynsl\u00f3\u00f0ar jafna\u00f0armanna \u00e1 \u00cdslandi hins vegar. \u00dea\u00f0 gengur ekki upp a\u00f0 kvarta undan \u00fev\u00ed a\u00f0 h\u00e6fileikamenn f\u00e1ist ekki til a\u00f0 gefa kost \u00e1 s\u00e9r \u00ed p\u00f3lit\u00edk, en l\u00e1ta svo t\u00e6kif\u00e6ri\u00f0 s\u00e9r \u00far greipum ganga, loksins \u00feegar \u00fea\u00f0 gefst til a\u00f0 kj\u00f3sa sl\u00edkan mann. Dagur Eggertsson hefur \u00fea\u00f0 til a\u00f0 bera, sem mestu var\u00f0ar \u00ed fari stj\u00f3rnm\u00e1lamanna: Hugsj\u00f3nir og h\u00e6fileika. Kj\u00f6r hans \u00ed emb\u00e6tti borgarstj\u00f3ra g\u00e6ti or\u00f0i\u00f0 merkisvi\u00f0bur\u00f0ur \u00ed hinu p\u00f3lit\u00edska almanaki. Hugsum um \u00fea\u00f0.<\/p>\n<p>P.s. \u00cd Staksteini s\u00ednum \u00ed dag, 21. ma\u00ed, v\u00e6nir ritstj\u00f3ri Mbl. Alfre\u00f0 \u00deorsteinsson, borgarfulltr\u00faa Frams\u00f3knarflokksins, um a\u00f0 vera &#8220;mafi\u00f3s&#8221;, \u00fe.e.a.s. spilltur stj\u00f3rnm\u00e1lama\u00f0ur. Ritstj\u00f3rinn tekur \u00fea\u00f0 fram, a\u00f0 Alfre\u00f0 hafi alltaf dreymt um a\u00f0 starfa me\u00f0 Sj\u00e1lfst\u00e6\u00f0isflokknum \u00ed spillingunni, en hann hafi &#8220;ney\u00f0st til a\u00f0 vinna me\u00f0 vinstri m\u00f6nnum \u00ed 12 \u00e1r.&#8221; \u00deetta eru hl\u00fdlegar kve\u00f0jur til samstarfsflokksins \u00ed r\u00edkisstj\u00f3rn og \u00fe\u00fd\u00f0ingarmikil skilabo\u00f0 til kj\u00f3senda, sem \u00feeir \u00e6ttu ekki a\u00f0 l\u00e1ta fram hj\u00e1 s\u00e9r fara. &#8211; JBH<\/p>","protected":false},"excerpt":{"rendered":"<p>Geimvera, sem fengi \u00fea\u00f0 \u00f3\u00f6fundsver\u00f0a hlutverk a\u00f0 fylgjast me\u00f0 borgarstj\u00f3rnarkosningum \u00ed Reykjav\u00edk vori\u00f0 2006 og a\u00f0 senda sk\u00fdrslu til geimkynnis s\u00edns, mundi tr\u00falega eiga b\u00e1gt me\u00f0 a\u00f0 fatta f\u00eddusinn \u00ed sj\u00f3narspilinu. Geimveran mundi \u00e1lykta sem svo, a\u00f0 ritstj\u00f3ri Morgunbla\u00f0sins v\u00e6ri fylgisma\u00f0ur Fidels Castro \u00ed heil\u00f6gu str\u00ed\u00f0i gegn f\u00e1keppniskl\u00edku au\u00f0valdsins. Og a\u00f0 n\u00e1nustu bandamenn hans v\u00e6ri a\u00f0 finna \u00ed borgarstj\u00f3rnarflokki Sj\u00e1lfst\u00e6\u00f0isflokksins, undir forystu velvilja\u00f0s \u00f6ldungs a\u00f0 nafni Vilhj\u00e1lmur. Geimveran s\u00e6i \u00ed hendi s\u00e9r, a\u00f0 \u00feessi g\u00f3\u00f0i flokkur m\u00e6tti ekkert aumt sj\u00e1 og \u00e6li einkum \u00f6nn fyrir b\u00f6rnum, konum, \u00f6ldru\u00f0um og \u00f6ryrkjum. \u00deetta b\u00e1gstadda f\u00f3lk \u00e6tti hins vegar undir h\u00f6gg a\u00f0 s\u00e6kja hj\u00e1 atvinnumi\u00f0lun Frams\u00f3knarflokksins ehf. , sem hef\u00f0i lagt undir sig Heilbrig\u00f0isr\u00e1\u00f0uneyti\u00f0 til \u00feess a\u00f0 herja \u00fea\u00f0an \u00e1 varnarlaust f\u00f3lk. \u00c1r\u00f3\u00f0ursb\u00e6klingar Sj\u00e1lfst\u00e6\u00f0isflokksins, leiknar sj\u00f3nvarpsaugl\u00fdsingar og anna\u00f0 kru\u00f0er\u00ed, litverpt \u00far bl\u00e1u \u00ed bleikt, mundi styrkja geimveruna \u00ed \u00feessum s\u00f6guskilningi. <\/p>\n","protected":false},"author":2,"featured_media":0,"comment_status":"closed","ping_status":"closed","sticky":false,"template":"","format":"standard","meta":{"_monsterinsights_skip_tracking":false,"_monsterinsights_sitenote_active":false,"_monsterinsights_sitenote_note":"","_monsterinsights_sitenote_category":0,"footnotes":""},"categories":[1,9],"tags":[],"class_list":["post-1153","post","type-post","status-publish","format-standard","hentry","category-allar_greinar","category-greinar_og_vidtol"],"_links":{"self":[{"href":"https:\/\/jbh.is\/index.php?rest_route=\/wp\/v2\/posts\/1153","targetHints":{"allow":["GET"]}}],"collection":[{"href":"https:\/\/jbh.is\/index.php?rest_route=\/wp\/v2\/posts"}],"about":[{"href":"https:\/\/jbh.is\/index.php?rest_route=\/wp\/v2\/types\/post"}],"author":[{"embeddable":true,"href":"https:\/\/jbh.is\/index.php?rest_route=\/wp\/v2\/users\/2"}],"replies":[{"embeddable":true,"href":"https:\/\/jbh.is\/index.php?rest_route=%2Fwp%2Fv2%2Fcomments&post=1153"}],"version-history":[{"count":2,"href":"https:\/\/jbh.is\/index.php?rest_route=\/wp\/v2\/posts\/1153\/revisions"}],"predecessor-version":[{"id":2949,"href":"https:\/\/jbh.is\/index.php?rest_route=\/wp\/v2\/posts\/1153\/revisions\/2949"}],"wp:attachment":[{"href":"https:\/\/jbh.is\/index.php?rest_route=%2Fwp%2Fv2%2Fmedia&parent=1153"}],"wp:term":[{"taxonomy":"category","embeddable":true,"href":"https:\/\/jbh.is\/index.php?rest_route=%2Fwp%2Fv2%2Fcategories&post=1153"},{"taxonomy":"post_tag","embeddable":true,"href":"https:\/\/jbh.is\/index.php?rest_route=%2Fwp%2Fv2%2Ftags&post=1153"}],"curies":[{"name":"wp","href":"https:\/\/api.w.org\/{rel}","templated":true}]}}