{"id":1253,"date":"2009-10-03T00:00:00","date_gmt":"2009-10-03T00:00:00","guid":{"rendered":"https:\/\/staging.jbh.is\/?p=1253"},"modified":"2020-09-22T12:53:26","modified_gmt":"2020-09-22T12:53:26","slug":"throstur-olafsson","status":"publish","type":"post","link":"https:\/\/jbh.is\/?p=1253","title":{"rendered":"\u00deR\u00d6STUR \u00d3LAFSSON"},"content":{"rendered":"<p>\u00dea\u00f0 t\u00f3k dolfallna \u00e1horfendur t\u00edmakorn a\u00f0 \u00e1tta sig \u00e1 \u00fev\u00ed, hva\u00f0 st\u00e6\u00f0i til. \u00dev\u00ed a\u00f0 \u00fe\u00f3tt r\u00f3tt\u00e6kni \u00derastar v\u00e6ri \u00feingeysk \u2013 og reyndar \u00fe\u00fdsk \u00ed a\u00f0ra \u00e1ttina, \u00fe\u00e1 var rauns\u00e6i hans rammvestfirskt, af Str\u00f6ndum og \u00far J\u00f6kulfj\u00f6r\u00f0um.<\/p>\n\n\n<!--more Lesa meira-->\n\n\n<p>\u00deetta \u00fe\u00fdddi, a\u00f0 sj\u00e1lfsritsko\u00f0un koll\u00f3ttrar vanahugsunar v\u00e6ri fyrir b\u00ed. En \u00fea\u00f0 \u00fe\u00fdddi l\u00edka a\u00f0 leita skyldi prakt\u00edskra lausna til a\u00f0 l\u00e1ta drauma r\u00e6tast. Byltingin \u00e1tti ekki bara a\u00f0 vera fyrir b\u00faskussa \u2013 h\u00fan \u00e1tti a\u00f0 bjarga b\u00faskussunum fr\u00e1 sj\u00e1lfum s\u00e9r.<\/p>\n<p>\u00deegar \u00der\u00f6stur f\u00f3r a\u00f0 bj\u00f3\u00f0a Al\u00fe\u00fd\u00f0ubandalaginu s\u00e1luga upp \u00e1 \u00fe\u00fdska hagfr\u00e6\u00f0i og \u201cVernunft\u201d um rekstrargrundv\u00f6ll atvinnuveganna, v\u00e6ri synd a\u00f0 segja, a\u00f0 s\u00f6fnu\u00f0urinn hafi sl\u00e1tra\u00f0 lambi til a\u00f0 fagna t\u00fdnda syninum. Gott ef L\u00fa\u00f0v\u00edk spur\u00f0i ekki, hvort ekki v\u00e6ri n\u00f3g komi\u00f0 af sk\u00f3lab\u00f3ka\u00edgulkerjum upp \u00e1 dekk.<\/p>\n<p>\u00dear me\u00f0 var veisluh\u00f6ldum slegi\u00f0 \u00e1 frest og fari\u00f0 a\u00f0 vinna. S\u00ed\u00f0an hefur \u00der\u00f6stur sta\u00f0i\u00f0 \u00ed \u00fev\u00ed a\u00f0 bjarga \u00fev\u00ed sem bjarga\u00f0 ver\u00f0ur; \u00fev\u00ed a\u00f0 byltingarma\u00f0urinn reyndist, \u00feegar allt kom til alls, vera fastheldinn \u00e1 \u00fea\u00f0 sem n\u00fdtilegt er \u00far fort\u00ed\u00f0inni.<\/p>\n<p>Hann reyndi a\u00f0 bjarga KRON og S\u00cdS fr\u00e1 sj\u00e1lfum s\u00e9r; hann t\u00f3k a\u00f0 s\u00e9r a\u00f0 kenna Gu\u00f0mundi Jaka \u00e1 Dagsbr\u00fanarfundum \u2013 sem \u00fe\u00e1 voru eins konar \u00fej\u00f3\u00f0arstofnun \u2013 b\u00e6\u00f0i \u201cWirtschaftswunder\u201d og \u00fej\u00f3\u00f0ars\u00e1tt. \u00dea\u00f0 \u00fe\u00fdddi \u00e1 mannam\u00e1li a\u00f0 tryggja kaupm\u00e1tt launa \u00ed kjarasamningum, fremur en a\u00f0 bj\u00f3\u00f0a \u201csteina fyrir brau\u00f0.\u201d \u00deresti t\u00f3kst a\u00f0 gera Austra kallinn, al\u00edas Magn\u00fas Kjartansson, \u00dej\u00f3\u00f0viljaritstj\u00f3ra, a\u00f0 helsta talsmanni \u201cst\u00f6\u00f0ugleikans\u201d og Ragnar Arnalds, hern\u00e1msandst\u00e6\u00f0ing og leikritask\u00e1ld, a\u00f0 fyrirmynd \u00edhaldssamra fj\u00e1rm\u00e1lar\u00e1\u00f0herra.<\/p>\n<p>Og mig auman, f\u00f3stra\u00f0an \u00ed Skotlandi \u00ed sk\u00f3la Adams Smith, ger\u00f0i hann a\u00f0 eurokrata, eins og \u00feeir gerast bestir \u00e1 b\u00f6kkum R\u00ednar. Og m\u00e1 \u00e9g minna \u00e1, \u201cmeine Damen und Herren\u201d, a\u00f0 \u00fe\u00fdski krataflokkurinn var lj\u00f3s heimsins, me\u00f0an \u00feeirra naut vi\u00f0, Willys Brandt og Helmuts Schmidt og \u00derastar sj\u00e1lfs \u2013 en \u00feeir eru n\u00fa ekki nema svipur hj\u00e1 sj\u00f3n eftir a\u00f0 vitringarnir \u00fer\u00edr hurfu \u00e1 braut.<\/p>\n<p>\u00der\u00f6stur \u00d3lafsson er sums\u00e9 ma\u00f0urinn, sem hefur sta\u00f0i\u00f0 \u00ed \u00fev\u00ed a\u00f0 bjarga \u00fev\u00ed sem bjarga\u00f0 ver\u00f0ur og tekur vi\u00f0, \u00feegar a\u00f0rir gefast upp. Hann reyndi meira a\u00f0 segja a\u00f0 bjarga Se\u00f0labankanum fr\u00e1 gjald\u00feroti, l\u00f6ngu eftir a\u00f0 honum var ekki lengur vi\u00f0bjargandi. Og hann bjargar \u00fev\u00ed sem bjarga\u00f0 ver\u00f0ur \u00far s\u00f6gu \u00feessa fiski\u00feorps gegnum Minjavernd og Gamalh\u00fas; og \u201cditto\u201d me\u00f0 M\u00e1l og menningu og s\u00f3s\u00edaldem\u00f3krat\u00edi\u00f0 og sinf\u00f3n\u00eduna. &#8211;<br>\nOg nota bene: Sinf\u00f3n\u00edan hefur reyndar aldrei spila\u00f0 betur en n\u00fa, undir stj\u00f3rn \u00derastar. &#8211; Og svo er hann a\u00f0 bj\u00e1stra vi\u00f0 a\u00f0 byggja t\u00f3nlistarh\u00f6ll \u2013 \u00ed mi\u00f0ri heimskreppu \u2013 \u00feegar allir a\u00f0rir eru h\u00e6ttir a\u00f0 byggja.<\/p>\n<p>\u00deetta l\u00fdsir honum kannski best; hann tekur vi\u00f0, \u00feegar a\u00f0rir gefast upp. Og n\u00fa, \u00feegar allt er fari\u00f0 til helv\u00edtis \u2013 og \u00e9g s\u00e9 enga \u00e1st\u00e6\u00f0u til a\u00f0 bi\u00f0ja forl\u00e1ts \u00e1 or\u00f0brag\u00f0inu \u2013 \u00fe\u00e1 \u00feurfum vi\u00f0 einmitt \u00e1 sl\u00edkum manni a\u00f0 halda sem aldrei fyrr \u2013 nicht wahr, meine Damen und Herren.<\/p>\n<p>Es lebe die Revolution.<\/p>\n<p>Byltingin lifi og \u00der\u00f6stur lifi! \u2013 h\u00farra, h\u00farra, h\u00farra.<\/p>","protected":false},"excerpt":{"rendered":"<p>\u00c9g man \u00fea\u00f0 enn eins og \u00fea\u00f0 hef\u00f0i gerst \u00ed g\u00e6r. Inn \u00e1 svart\/hv\u00edtan sj\u00f3nvarpsskj\u00e1inn ruddist allt \u00ed einu ma\u00f0ur me\u00f0 allt fr\u00e1flakandi \u2013 byltingarma\u00f0urinn bindislausi fr\u00e1 Berl\u00edn \u2013 eins og Al\u00fe\u00fd\u00f0ubla\u00f0i\u00f0 uppnefndi hann for\u00f0um daga.<\/p>\n<p>Rudi Dudscke \u00cdslands og Cohn-Bendit \u2013muni\u00f0i enn\u00fe\u00e1 eftir \u00feessum g\u00e6jum \u2013 \u00ed einni og s\u00f6mu pers\u00f3nunni? St\u00fadentabyltingin holdi kl\u00e6dd var komin til \u00cdslands.<\/p>\n<blockquote><p>Sj\u00e1 ro\u00f0ann \u00ed Austri, hann br\u00fdtur s\u00e9r braut<br \/>\nfram br\u00e6\u00f0ur \u2013 \u00fea\u00f0 dagar n\u00fa senn!\n<\/p><\/blockquote>\n","protected":false},"author":2,"featured_media":0,"comment_status":"closed","ping_status":"closed","sticky":false,"template":"","format":"standard","meta":{"_monsterinsights_skip_tracking":false,"_monsterinsights_sitenote_active":false,"_monsterinsights_sitenote_note":"","_monsterinsights_sitenote_category":0,"footnotes":""},"categories":[10,1],"tags":[],"class_list":["post-1253","post","type-post","status-publish","format-standard","hentry","category-afmaeliskvejur","category-allar_greinar"],"_links":{"self":[{"href":"https:\/\/jbh.is\/index.php?rest_route=\/wp\/v2\/posts\/1253","targetHints":{"allow":["GET"]}}],"collection":[{"href":"https:\/\/jbh.is\/index.php?rest_route=\/wp\/v2\/posts"}],"about":[{"href":"https:\/\/jbh.is\/index.php?rest_route=\/wp\/v2\/types\/post"}],"author":[{"embeddable":true,"href":"https:\/\/jbh.is\/index.php?rest_route=\/wp\/v2\/users\/2"}],"replies":[{"embeddable":true,"href":"https:\/\/jbh.is\/index.php?rest_route=%2Fwp%2Fv2%2Fcomments&post=1253"}],"version-history":[{"count":3,"href":"https:\/\/jbh.is\/index.php?rest_route=\/wp\/v2\/posts\/1253\/revisions"}],"predecessor-version":[{"id":2782,"href":"https:\/\/jbh.is\/index.php?rest_route=\/wp\/v2\/posts\/1253\/revisions\/2782"}],"wp:attachment":[{"href":"https:\/\/jbh.is\/index.php?rest_route=%2Fwp%2Fv2%2Fmedia&parent=1253"}],"wp:term":[{"taxonomy":"category","embeddable":true,"href":"https:\/\/jbh.is\/index.php?rest_route=%2Fwp%2Fv2%2Fcategories&post=1253"},{"taxonomy":"post_tag","embeddable":true,"href":"https:\/\/jbh.is\/index.php?rest_route=%2Fwp%2Fv2%2Ftags&post=1253"}],"curies":[{"name":"wp","href":"https:\/\/api.w.org\/{rel}","templated":true}]}}