{"id":1307,"date":"2012-02-22T00:00:00","date_gmt":"2012-02-22T00:00:00","guid":{"rendered":"https:\/\/staging.jbh.is\/?p=1307"},"modified":"2020-09-22T12:31:16","modified_gmt":"2020-09-22T12:31:16","slug":"mala-domestica","status":"publish","type":"post","link":"https:\/\/jbh.is\/?p=1307","title":{"rendered":"\u201eMala domestica &#8230;\u201c"},"content":{"rendered":"<p>\u00c9g ba\u00f0st undan a\u00f0 svara \u00f3s\u00e9\u00f0um \u00e1s\u00f6kunum , en sendi ritsj\u00f3ra N\u00fds L\u00edfs t\u00f6lvup\u00f3st og kraf\u00f0ist \u00feess a\u00f0 f\u00e1 a\u00f0 sj\u00e1 sakarefni, fyrir birtingu; og a\u00f0 f\u00e1 r\u00e1\u00f0r\u00fam til a\u00f0 svara \u00ed s\u00f6mu t\u00f6lubla\u00f0i. \u00dea\u00f0 ber a\u00f0 m\u00ednu viti ekki vott um a\u00f0 sannleiks\u00e1st hafi veri\u00f0 h\u00f6f\u00f0 a\u00f0 lei\u00f0arlj\u00f3si vi\u00f0 undirb\u00faning m\u00e1lsins af bla\u00f0sins sj\u00e1lfu, fyrst ekkert var sannreynt me\u00f0 \u00fev\u00ed a\u00f0 gefa hinum \u00e1k\u00e6r\u00f0a kost \u00e1 a\u00f0 bera h\u00f6nd fyrir h\u00f6fu\u00f0 s\u00e9r.<\/p>\n\n\n<!--more Lesa meira-->\n\n\n<p>Vi\u00f0 n\u00e1nari umhugsun er \u00fea\u00f0 m\u00edn ni\u00f0ursta\u00f0a a\u00f0 m\u00e9r s\u00e9 ekkert a\u00f0 vanb\u00fana\u00f0i a\u00f0 uppl\u00fdsa m\u00e1li\u00f0 a\u00f0 \u00f3s\u00e9\u00f0um k\u00e6ruatri\u00f0um. H\u00e9r er um a\u00f0 r\u00e6\u00f0a fj\u00f6lskyldub\u00f6l, sem illu heilli hefur eitra\u00f0 andr\u00famslofti\u00f0 innan st\u00f3rfj\u00f6lskyldu okkar Brynd\u00edsar \u00ed meira en \u00e1ratug. \u00dea\u00f0 er \u00e1litam\u00e1l, hvert erindi fj\u00f6lskyldub\u00f6l \u00e1 vi\u00f0 almenning \u00ed gegnum fj\u00f6lmi\u00f0la. En \u00far \u00fev\u00ed a\u00f0 Gu\u00f0r\u00fan Har\u00f0ard\u00f3ttir (systurd\u00f3ttir Brynd\u00edsar) hefur kosi\u00f0 a\u00f0 fara \u00fe\u00e1 lei\u00f0 meira en \u00e1ratug eftir a\u00f0 m\u00e1lsatvik ur\u00f0u, ver\u00f0ur a\u00f0 taka \u00fev\u00ed.<\/p>\n<p>\u00c9g \u00e6tla a\u00f0 byrja \u00e1 \u00fev\u00ed a\u00f0 j\u00e1ta \u00e1 mig s\u00f6k. Ekki um kynfer\u00f0islega \u00e1reitni &#8211; k\u00e6rur um sl\u00edkt hafa veri\u00f0 bornar fram \u00ed tv\u00edgang og veri\u00f0 v\u00edsa\u00f0 \u00e1 bug jafnhar\u00f0an. En \u00e9g ger\u00f0i mig sekan um d\u00f3mgreindarbrest, sem l\u00fdsir s\u00e9r \u00ed \u00fev\u00ed a\u00f0 hafa or\u00f0i\u00f0 vi\u00f0 tilm\u00e6lum Gu\u00f0r\u00fanar Har\u00f0ad\u00f3ttur um a\u00f0 efna til br\u00e9faskrifta vi\u00f0 hana, sem aldrei skyldi veri\u00f0 hafa. H\u00fan var skiptinemi i Venezuela, \u00e1 17da aldurs\u00e1ri. \u00c9g sendi henni b\u00f3k eftir Vargas Llosa (sem f\u00e9kk reyndar b\u00f3kmenntaver\u00f0laun N\u00f3bels \u00ed fyrra ) og br\u00e9f me\u00f0. Sagan er d\u00e6misaga um samskipti Nor\u00f0ur- Su\u00f0ur Amer\u00edku. B\u00f3k og br\u00e9f eru \u00e1 k\u00f6flum er\u00f3t\u00edsk. Sj\u00e1lfur hefur h\u00f6fundurinn kalla\u00f0 b\u00f3k s\u00edn \u201eEr\u00f3-p\u00f3lit\u00edska\u201c. \u00deetta br\u00e9f l\u00fdsir d\u00f3mgreindarbresti m\u00ednum \u00fev\u00ed a\u00f0 br\u00e9fi\u00f0 \u00e1tti ekkert erindi vi\u00f0 vi\u00f0takandann. \u00deetta hefur dregi\u00f0 dilk \u00e1 eftir s\u00e9r innan fj\u00f6lskyldunnar og valdi\u00f0 \u00fear \u00f3vild og jafnvel sorgarvi\u00f0br\u00f6g\u00f0um \u00e1rum saman. \u00c9g hef \u00edtreka\u00f0 be\u00f0ist fyrirgefninar \u00e1 \u00fev\u00ed &#8211; og endurtek \u00fe\u00e1 afs\u00f6kunarbei\u00f0ni h\u00e9r me\u00f0 einu sinni enn.<\/p>\n<p>Kynfer\u00f0isafbrot eru einatt \u00feess e\u00f0lis a\u00f0 reynt er a\u00f0 hilma yfir \u00feau og \u00feagga \u00feau ni\u00f0ur innan fj\u00f6lskyldna. \u00deetta m\u00e1l sn\u00fdst ekki um kynfer\u00f0isafbrot af neinu tagi, svo sem sta\u00f0fest er af r\u00e9ttarkerfinu. \u00dea\u00f0 sn\u00fdst um br\u00e9fasendingar milli l\u00edfsreynds manns og \u00f3\u00feroska\u00f0rar st\u00falku, \u00fear sem br\u00e9fritarinn hefur \u00edtreka\u00f0 be\u00f0ist afs\u00f6kunar \u00e1 d\u00f3mgreindarbresti og bo\u00f0ist til a\u00f0 gera allt sem \u00ed hans valdi stendur til a\u00f0 b\u00e6ta fyrir gl\u00f6p s\u00edn. \u00c9g hef bo\u00f0ist til a\u00f0 bera fram afs\u00f6kunarbei\u00f0ni vi\u00f0 fj\u00f6lskyldu Gu\u00f0r\u00fanar Har\u00f0ard\u00f3ttur og a\u00f0 r\u00e6\u00f0a m\u00e1li\u00f0 vi\u00f0 hvern \u00feann, sem fj\u00f6lskyldan k\u00fds s\u00e9r til fulltingis, s\u00e1lfr\u00e6\u00f0inga, f\u00e9lagsr\u00e1\u00f0gjafa e\u00f0a millig\u00f6ngumenn innan fj\u00f6lskyldunnar.<br>\nH\u00e9r r\u00edkir engin afneitun, engin \u00fe\u00f6ggun og ekkert leyndarpukur. Hin umdeildu br\u00e9f hafa veri\u00f0 fj\u00f6lf\u00f6ldu\u00f0 og send til umfj\u00f6llunar fleiri s\u00e1ttaa\u00f0ilum en t\u00f6lu ver\u00f0ur \u00e1 komi\u00f0, innan og utan fj\u00f6lskydunnar. Fyrir n\u00fa utan \u00feau afrit sem gengi\u00f0 hafa manna \u00ed millum \u00ed leynd og pukri. Allt \u00e1n \u00e1rangurs. Spurningin er: hva\u00f0a erindi \u00e1 \u00feetta fj\u00f6lskyldub\u00f6l vi\u00f0 almenning? Er einhver a\u00f0 nokkru b\u00e6ttari? Enginn er d\u00f3mari \u00ed sj\u00e1lfs s\u00edn s\u00f6k .  \u00c9g l\u00e6t \u00fev\u00ed \u00f6\u00f0rum eftir a\u00f0 d\u00e6ma um \u00fea\u00f0.<\/p>\n<p>Fyrir j\u00f3lin 2005 vildi Gu\u00f0r\u00fan Har\u00f0ard\u00f3ttir l\u00e1ta \u00e1 \u00fea\u00f0 reyna fyrir d\u00f3mi, hvort \u00feessi sendibr\u00e9f g\u00e6tu flokkast undir kynfer\u00f0islega \u00e1reitni. L\u00f6gregluk\u00e6ru var v\u00edsa\u00f0 fr\u00e1 sem tilefnislausri. \u00cd \u00e1rsbyrjun 2006 m\u00e6lti saks\u00f3knari r\u00edksins fyrir um frekari ranns\u00f3kn, sem st\u00f3\u00f0 \u00ed h\u00e1lft anna\u00f0 \u00e1r. Ranns\u00f3knarefni\u00f0 var, hvort fyrir \u00fev\u00ed fyndist lagab\u00f3kstafur \u00ed Venezuelu (\u00fear sem vi\u00f0takandi var skiptinemi) e\u00f0a \u00ed BNA (\u00fear sem br\u00e9fritari \u00fe\u00e1 bj\u00f3), a\u00f0 einkabr\u00e9f milli fullve\u00f0ja einstaklinga teldust refsivert ath\u00e6fi a\u00f0 l\u00f6gum. \u00dev\u00ed var a\u00f0 v\u00edsa\u00f0 fr\u00e1. Um l\u00f6gfr\u00e6\u00f0ilega hli\u00f0 m\u00e1lsins \u00fearf \u00fev\u00ed ekki a\u00f0 deila.<\/p>\n<p>Heimilisb\u00f6li\u00f0 er \u00feyngra en t\u00e1rum taki eins og Brynj\u00f3lfur biskup komst a\u00f0 or\u00f0i \u00e1 sinni t\u00ed\u00f0. \u00d6llum ver\u00f0ur okkur \u00e1 \u00ed l\u00edfinu. \u00d6ll \u00feurfum vi\u00f0 einhvern t\u00edma \u00e1 fyrirgefningu a\u00f0 halda. \u00c9g harma \u00fea\u00f0 alla daga a\u00f0 hafa valdi\u00f0 f\u00f3lki sem m\u00e9r \u00feykir v\u00e6nt um \u00ed minni n\u00e1nustu fj\u00f6lskyldu, s\u00e1rindum og hugarangri a\u00f0 \u00f3sekju. \u00c9g hef vi\u00f0urkennt m\u00edna s\u00f6k og be\u00f0ist fyrirgefningar. N\u00fa, \u00feegar fj\u00f6lskylduraunir hafa veri\u00f0 bornar \u00e1 torg, endurtek \u00e9g afs\u00f6kunarbei\u00f0ni m\u00edna h\u00e9r me\u00f0 opinberlega. R\u00e9ttarkerfi\u00f0 hefur kve\u00f0i\u00f0 upp sinn d\u00f3m, n\u00fa hefur m\u00e1li\u00f0 veri\u00f0 lagt \u00ed d\u00f3m almennings\u00e1litsins. \u00deeim d\u00f3mi ver\u00f0a allir a\u00f0 hl\u00edta.<\/p>","protected":false},"excerpt":{"rendered":"<p>Bla\u00f0ama\u00f0ur hringdi og sag\u00f0ist hafa fyrir \u00fev\u00ed heimildir a\u00f0 \u00e1 morgun (23.feb.\u201c12), birtist vi\u00f0tal \u00ed N\u00fdju L\u00edfi, \u00fear sem \u00e9g v\u00e6ri borinn alvarlegum s\u00f6kum um meinta \u201ekynfer\u00f0islega \u00e1reitni\u201c vi\u00f0 st\u00falku \u00ed fj\u00f6lskyldu okkar Brynd\u00edsar. <\/p>\n","protected":false},"author":2,"featured_media":0,"comment_status":"closed","ping_status":"closed","sticky":false,"template":"","format":"standard","meta":{"_monsterinsights_skip_tracking":false,"_monsterinsights_sitenote_active":false,"_monsterinsights_sitenote_note":"","_monsterinsights_sitenote_category":0,"footnotes":""},"categories":[1,9],"tags":[],"class_list":["post-1307","post","type-post","status-publish","format-standard","hentry","category-allar_greinar","category-greinar_og_vidtol"],"_links":{"self":[{"href":"https:\/\/jbh.is\/index.php?rest_route=\/wp\/v2\/posts\/1307","targetHints":{"allow":["GET"]}}],"collection":[{"href":"https:\/\/jbh.is\/index.php?rest_route=\/wp\/v2\/posts"}],"about":[{"href":"https:\/\/jbh.is\/index.php?rest_route=\/wp\/v2\/types\/post"}],"author":[{"embeddable":true,"href":"https:\/\/jbh.is\/index.php?rest_route=\/wp\/v2\/users\/2"}],"replies":[{"embeddable":true,"href":"https:\/\/jbh.is\/index.php?rest_route=%2Fwp%2Fv2%2Fcomments&post=1307"}],"version-history":[{"count":3,"href":"https:\/\/jbh.is\/index.php?rest_route=\/wp\/v2\/posts\/1307\/revisions"}],"predecessor-version":[{"id":2742,"href":"https:\/\/jbh.is\/index.php?rest_route=\/wp\/v2\/posts\/1307\/revisions\/2742"}],"wp:attachment":[{"href":"https:\/\/jbh.is\/index.php?rest_route=%2Fwp%2Fv2%2Fmedia&parent=1307"}],"wp:term":[{"taxonomy":"category","embeddable":true,"href":"https:\/\/jbh.is\/index.php?rest_route=%2Fwp%2Fv2%2Fcategories&post=1307"},{"taxonomy":"post_tag","embeddable":true,"href":"https:\/\/jbh.is\/index.php?rest_route=%2Fwp%2Fv2%2Ftags&post=1307"}],"curies":[{"name":"wp","href":"https:\/\/api.w.org\/{rel}","templated":true}]}}