{"id":1321,"date":"1990-06-05T00:00:00","date_gmt":"1990-06-05T00:00:00","guid":{"rendered":"https:\/\/staging.jbh.is\/?p=1321"},"modified":"2019-10-16T13:27:43","modified_gmt":"2019-10-16T13:27:43","slug":"time-is-on-their-side","status":"publish","type":"post","link":"https:\/\/jbh.is\/?p=1321","title":{"rendered":"Time is on Their Side"},"content":{"rendered":"<p>\u00deegar h\u00e9r var komi\u00f0 s\u00f6gu, var Berl\u00ednarm\u00farinn fallinn, Austur-Evr\u00f3pa frj\u00e1ls, og Eystrasalts\u00fej\u00f3\u00f0irnar \u00ferj\u00e1r, Eistar, Lettar og Lith\u00e1ar, h\u00f6f\u00f0u mynda\u00f0 \u00feingkj\u00f6rnar r\u00edkisstj\u00f3rnir a\u00f0 loknum \u00feingkosningum. N\u00fdskipa\u00f0ir utanr\u00edkisr\u00e1\u00f0herrar \u00feeirra, \u00feeir Lennart Meri (Eistlandi), Janis Jurkans (Lettlandi) og Algirdas Saudargas (Lith\u00e1en) m\u00e6ttu til fundarins og b\u00e1\u00f0u um a\u00f0 f\u00e1 a\u00f0 \u00e1varpa r\u00e1stefnuna. \u00de\u00e1 h\u00f3tu\u00f0u Sov\u00e9tmenn a\u00f0 yfirgefa fundinn. Uffe l\u00faffa\u00f0i, og \u00feeim \u00feremenningum var v\u00edsa\u00f0 \u00e1 braut. \u00deegar \u00feau t\u00ed\u00f0indi spur\u00f0ust, henti \u00e9g fr\u00e1 m\u00e9r fyrirframs\u00f6mdum r\u00e6\u00f0utexta og tala\u00f0i eins og andinn innbl\u00e9s m\u00e9r, eing\u00f6ngu um sj\u00e1lfst\u00e6\u00f0iskr\u00f6fur Eystrasalts\u00fej\u00f3\u00f0a.<\/p>\n<p>R\u00e6\u00f0utextinn fer h\u00e9r \u00e1 eftir: <a href=\"https:\/\/jbh.is\/wp-content\/uploads\/1990\/06\/jbh_koben2.pdf\">PDF skjal<\/a><\/p>\n","protected":false},"excerpt":{"rendered":"<p>\u00deann 5.j\u00fan\u00ed, 1990 (\u00e1 Dannebrogsdaginn) var Uffe Ellemann Jensen, utanr\u00edkisr\u00e1\u00f0herra Danmerkur, gestgjafi mikillar r\u00e1\u00f0stefnu utanr\u00edkisr\u00e1\u00f0herra allra r\u00edkja Evr\u00f3pu og Nor\u00f0ur-Amer\u00edku. R\u00e1\u00f0stefnan var haldin \u00e1 vegum \u00d6ryggis- og samvinnustofnunar Evr\u00f3pu (CSCE). Umr\u00e6\u00f0uefni\u00f0 var mannr\u00e9ttindi sem hornsteinn \u00fej\u00f3\u00f0f\u00e9lagsskipunar \u00ed Evr\u00f3pu. R\u00e1\u00f0stefnan var li\u00f0ur \u00ed r\u00f6\u00f0 funda um b\u00e6tt samskipti austurs og vesturs vi\u00f0 lok kalda str\u00ed\u00f0sins.<\/p>\n","protected":false},"author":2,"featured_media":0,"comment_status":"closed","ping_status":"closed","sticky":false,"template":"","format":"standard","meta":{"_monsterinsights_skip_tracking":false,"_monsterinsights_sitenote_active":false,"_monsterinsights_sitenote_note":"","_monsterinsights_sitenote_category":0,"footnotes":""},"categories":[1,7],"tags":[],"class_list":["post-1321","post","type-post","status-publish","format-standard","hentry","category-allar_greinar","category-articles-in-english"],"_links":{"self":[{"href":"https:\/\/jbh.is\/index.php?rest_route=\/wp\/v2\/posts\/1321","targetHints":{"allow":["GET"]}}],"collection":[{"href":"https:\/\/jbh.is\/index.php?rest_route=\/wp\/v2\/posts"}],"about":[{"href":"https:\/\/jbh.is\/index.php?rest_route=\/wp\/v2\/types\/post"}],"author":[{"embeddable":true,"href":"https:\/\/jbh.is\/index.php?rest_route=\/wp\/v2\/users\/2"}],"replies":[{"embeddable":true,"href":"https:\/\/jbh.is\/index.php?rest_route=%2Fwp%2Fv2%2Fcomments&post=1321"}],"version-history":[{"count":3,"href":"https:\/\/jbh.is\/index.php?rest_route=\/wp\/v2\/posts\/1321\/revisions"}],"predecessor-version":[{"id":2373,"href":"https:\/\/jbh.is\/index.php?rest_route=\/wp\/v2\/posts\/1321\/revisions\/2373"}],"wp:attachment":[{"href":"https:\/\/jbh.is\/index.php?rest_route=%2Fwp%2Fv2%2Fmedia&parent=1321"}],"wp:term":[{"taxonomy":"category","embeddable":true,"href":"https:\/\/jbh.is\/index.php?rest_route=%2Fwp%2Fv2%2Fcategories&post=1321"},{"taxonomy":"post_tag","embeddable":true,"href":"https:\/\/jbh.is\/index.php?rest_route=%2Fwp%2Fv2%2Ftags&post=1321"}],"curies":[{"name":"wp","href":"https:\/\/api.w.org\/{rel}","templated":true}]}}