{"id":1365,"date":"2015-11-10T00:00:00","date_gmt":"2015-11-10T00:00:00","guid":{"rendered":"https:\/\/staging.jbh.is\/?p=1365"},"modified":"2020-09-22T11:35:39","modified_gmt":"2020-09-22T11:35:39","slug":"norraenir-kvikmyndadagar-i-lubeck","status":"publish","type":"post","link":"https:\/\/jbh.is\/?p=1365","title":{"rendered":"NORR\u00c6NIR KVIKMYNDADAGAR \u00cd L\u00dcBECK"},"content":{"rendered":"<p>Reyndar var\u00f0 \u00feetta \u00edslensk kvikmyndaveisla um \u00fea\u00f0 er lauk, \u00fev\u00ed a\u00f0 \u00edslenskar kvikmyndir s\u00f3pu\u00f0u a\u00f0 s\u00e9r ver\u00f0launum d\u00f3mnefnda og \u00e1horfenda, svo a\u00f0 \u00fdmsum \u00fe\u00f3tti n\u00f3g um.<\/p>\n<p>F\u00daSI hans Dags K\u00e1ra f\u00e9kk reyndar tvenn ver\u00f0laun, \u00f6nnur a\u00f0 mati \u00e1horfenda, en hin samkv\u00e6mt d\u00f3mnefnd hinnar evangel\u00edsk-l\u00fathersku kirkju  L\u00fcbech-Lauenburg. Myndin fjallar  sem kunnugt er um mann, sem er tr\u00f6llvaxinn hi\u00f0 ytra en g\u00f6fugmenni  innst inni \u2013  og svo vel leikin, a\u00f0 leikarinn, Gunnar J\u00f3nsson, f\u00e9kk s\u00e9rst\u00f6k ver\u00f0laun fyrir frammist\u00f6\u00f0u s\u00edna (\u00fe\u00f3tt hann hafi, a\u00f0 s\u00f6gn, aldrei komi\u00f0 \u00ed leiklistarsk\u00f3la).<\/p>\n\n\n<!--more Lesa meira-->\n\n\n<p>HR\u00daTARNIR hans Gr\u00edms H\u00e1konarsonar me\u00f0 \u00fe\u00e1 Sigga Sigurj\u00f3ns og The\u00f3dor J\u00fal\u00edusson \u00ed lykilhlutverkum fengu s\u00e9rst\u00f6k ver\u00f0laun sem \u201efram\u00farskarandi \u00ed h\u00f3pi leikinna mynda\u201c.<\/p>\n<p>Og heimildamyndin hans \u00d3la R\u00f6gg og Kolfinnu, \u201e\u00deeir sem \u00feora&#8230;\u201c \u2013  um endurheimt sj\u00e1lfst\u00e6\u00f0is Eystrasalts\u00fej\u00f3\u00f0a og fall Sov\u00e9tr\u00edkjanna \u2013   f\u00e9kk \u201es\u00e9rstaka vi\u00f0urkenningu\u201c (honorable mention) \u00ed flokki heimildamynda.<\/p>\n<p>L\u00f6ndum vorum var \u00fev\u00ed t\u00ed\u00f0f\u00f6rult upp \u00e1 st\u00f3ra svi\u00f0i\u00f0 \u00e1 lokah\u00e1t\u00ednni til \u00feess a\u00f0 veita vi\u00f0t\u00f6ku ver\u00f0launum og \u00feakka fyrir sig.<\/p>\n<p>Veislugestum var\u00f0 reyndar t\u00ed\u00f0r\u00e6tt um \u00fea\u00f0 a\u00f0 lokinni ver\u00f0launaafhendingu, hvort \u00feeir v\u00e6ru h\u00e9r vitni a\u00f0  \u00edslenskri kvikmyndabylgju og spur\u00f0u sj\u00e1lfa sig og a\u00f0ra, hvort \u00feetta v\u00e6ri h\u00e1punkturinn \u2013  e\u00f0a kannski bara byrjunin?<\/p>\n<p>Von a\u00f0 spurt s\u00e9, \u00fev\u00ed a\u00f0, fyrir utan ver\u00f0launamyndirnar tv\u00e6r,  voru ellefu a\u00f0rar myndir fr\u00e1 \u00cdslandi, leiknar  myndir, heimildamyndir og stuttmyndir.  Allar eru \u00fe\u00e6r \u00ed g\u00f3\u00f0um g\u00e6\u00f0aflokki og sumar reyndar fr\u00e1b\u00e6rar, \u00fe\u00f3tt ekki ynnu \u00fe\u00e6r til ver\u00f0launa a\u00f0 \u00feessu sinni.<\/p>\n<p>\u00de\u00e1 vakti \u00fea\u00f0 ekki s\u00ed\u00f0ur athygli, a\u00f0 samkv\u00e6mt kynningarb\u00e6klingum eru flestir \u00edslensku leikstj\u00f3rarnir ungir a\u00f0 \u00e1rum,  f\u00e6ddir \u00e1 \u00e1ttunda og n\u00edunda \u00e1ratug seinustu aldar.  \u00de\u00f3tt byrjunin lofi g\u00f3\u00f0u, eiga \u00feeir \u00fev\u00ed v\u00e6ntanlega flestir s\u00edn bestu verk \u00f3unnin \u00ed framt\u00ed\u00f0inni.<\/p>\n<p>Milli b\u00ed\u00f3s\u00fdninga gladdi \u00fea\u00f0 gestsaugun a\u00f0 ganga um g\u00f6tur og torg hinnar f\u00f6gru Hansaborgar. Mi\u00f0aldaborgin innan virkism\u00fara  stendur \u00e1 eyju, umlukinni \u00e1nni Trave, sem tengir borgina vi\u00f0 Eystrasalti\u00f0.  H\u00fan er formf\u00f6gur, svipsterk og vel var\u00f0veitt, enda \u00e1 menningarmynjaskr\u00e1 UNESCO.<\/p>\n<p>\u00deessa hl\u00fdju haustdaga var allt umvafi\u00f0 gr\u00f3\u00f0ri. Tr\u00e9n st\u00f3\u00f0u \u00ed haustlitunum, veitingah\u00fas og v\u00ednstofur \u00e1 hverju g\u00f6tuhorni, og ilminn af g\u00f3ms\u00e6tum r\u00e9ttum bar fyrir vitin.  \u00deessi norr\u00e6na kvikmyndah\u00e1t\u00ed\u00f0 (sem er reyndar or\u00f0in norr\u00e6n\/baltnesk) var n\u00fa haldin \u00ed 57. sinn.<\/p>\n<p>A\u00f0s\u00f3knin a\u00f0 kvikmyndas\u00f6lum gamla r\u00e1\u00f0h\u00fassins \u00feessa dagana s\u00fdndi, svo ekki var\u00f0 um villst, a\u00f0 borgarb\u00faar kunna vel a\u00f0 meta \u00fea\u00f0 sem \u00fear er \u00e1 bo\u00f0st\u00f3lum. B\u00ed\u00f3gestir teljast \u00ed tugum \u00fe\u00fasunda \u00feessa fj\u00f3ra daga. \u00dea\u00f0 \u00feykir harla gott \u00ed borgarsamf\u00e9lagi, sem er \u00e1 st\u00e6r\u00f0 vi\u00f0 st\u00f3rh\u00f6fu\u00f0borgarsv\u00e6\u00f0i\u00f0.  Og \u00fe\u00f3tt h\u00e1t\u00ed\u00f0in s\u00e9 kennd vi\u00f0 Nor\u00f0url\u00f6nd og Eystrasalt, la\u00f0ar h\u00fan a\u00f0 s\u00e9r gesti fr\u00e1 \u00f6llum heimshornum. A\u00f0 loknum s\u00fdningum er \u00fe\u00e9tt setinn bekkurinn  \u00e1 kr\u00e1num, \u00fear sem spinnast fj\u00f6rugar umr\u00e6\u00f0ur um efni myndanna \u00e1 \u00f3tal tungum\u00e1lum. Gamla Hansaborgin vaknar aftur til l\u00edfsins \u00feessa dagana og er or\u00f0in a\u00f0 al\u00fej\u00f3\u00f0legri menningarborg.<\/p>\n<p>Milli s\u00fdninga notu\u00f0um vi\u00f0 Brynd\u00eds t\u00e6kif\u00e6ri\u00f0  og heims\u00f3ttum s\u00f6fn, sem gegna \u00fev\u00ed hlutverki a\u00f0 hei\u00f0ra minningu tveggja eftirl\u00e6tissona L\u00fcbeckborgar.\u00deeir eru Willy Brandt og G\u00fcnter Grass. S\u00f6fnin sn\u00faa b\u00f6kum saman \u2013 a\u00f0 sameiginlegum bakgar\u00f0i \u2013 eins og \u00feeir f\u00e9lagar ger\u00f0u \u00ed l\u00edfinu. Annar breytti veruleikanum me\u00f0 sinni p\u00f3lit\u00edk; hinn hj\u00e1lpa\u00f0i okkur a\u00f0 skilja hann \u00ed s\u00ednum sk\u00e1ldskap. B\u00e1\u00f0ir l\u00f6g\u00f0u \u00feeir fram \u00f3m\u00e6ldan skerf til a\u00f0 breyta \u00de\u00fdskalandi til hins betra.<\/p>\n<p>L\u00fcbeck er me\u00f0 r\u00e9ttu stolt af \u00feeirri arfleif\u00f0.<\/p>","protected":false},"excerpt":{"rendered":"<p>Hva\u00f0 eiga \u00feeir Thomas Mann, G\u00fcnther Grass og Willy Brandt sameiginlegt me\u00f0 Brynd\u00edsi? \u00deau eiga \u00f6ll \u00e6ttir s\u00ednar a\u00f0 rekja til L\u00fcbeck, mi\u00f0aldaborgarinnar f\u00f6gru \u00ed Schleswig-Holstein.  Ekki amalegur f\u00e9lagsskapur a\u00b4tarna.<\/p>\n<p>\u00dea\u00f0 var ekki \u00e1 kot v\u00edsa\u00f0 a\u00f0 vera \u00ed f\u00e9lagsskap Brynd\u00edsar \u00e1 Norr\u00e6num kvikmyndad\u00f6gum \u00ed L\u00fcbeck dagana 4. til 8. n\u00f3vember. \u00deetta var, satt a\u00f0 segja, samfelld veisla fyrir skilningarvitin, sj\u00f3n og heyrn \u2013 og brag\u00f0laukana l\u00edka \u00fear \u00e1 milli.  \u00c9g var \u00fearna til a\u00f0 fylgja \u00far hla\u00f0i heimildamyndinni \u201e\u00deeir sem \u00feora&#8230;\u201c, sem var ein \u00ferett\u00e1n kvikmynda fr\u00e1 \u00cdslandi \u00e1 \u00feessari r\u00f3tgr\u00f3nu kvikmyndah\u00e1t\u00ed\u00f0 a\u00f0 \u00feessu sinni. <\/p>\n","protected":false},"author":2,"featured_media":0,"comment_status":"closed","ping_status":"closed","sticky":false,"template":"","format":"standard","meta":{"_monsterinsights_skip_tracking":false,"_monsterinsights_sitenote_active":false,"_monsterinsights_sitenote_note":"","_monsterinsights_sitenote_category":0,"footnotes":""},"categories":[1,9],"tags":[],"class_list":["post-1365","post","type-post","status-publish","format-standard","hentry","category-allar_greinar","category-greinar_og_vidtol"],"_links":{"self":[{"href":"https:\/\/jbh.is\/index.php?rest_route=\/wp\/v2\/posts\/1365","targetHints":{"allow":["GET"]}}],"collection":[{"href":"https:\/\/jbh.is\/index.php?rest_route=\/wp\/v2\/posts"}],"about":[{"href":"https:\/\/jbh.is\/index.php?rest_route=\/wp\/v2\/types\/post"}],"author":[{"embeddable":true,"href":"https:\/\/jbh.is\/index.php?rest_route=\/wp\/v2\/users\/2"}],"replies":[{"embeddable":true,"href":"https:\/\/jbh.is\/index.php?rest_route=%2Fwp%2Fv2%2Fcomments&post=1365"}],"version-history":[{"count":3,"href":"https:\/\/jbh.is\/index.php?rest_route=\/wp\/v2\/posts\/1365\/revisions"}],"predecessor-version":[{"id":2692,"href":"https:\/\/jbh.is\/index.php?rest_route=\/wp\/v2\/posts\/1365\/revisions\/2692"}],"wp:attachment":[{"href":"https:\/\/jbh.is\/index.php?rest_route=%2Fwp%2Fv2%2Fmedia&parent=1365"}],"wp:term":[{"taxonomy":"category","embeddable":true,"href":"https:\/\/jbh.is\/index.php?rest_route=%2Fwp%2Fv2%2Fcategories&post=1365"},{"taxonomy":"post_tag","embeddable":true,"href":"https:\/\/jbh.is\/index.php?rest_route=%2Fwp%2Fv2%2Ftags&post=1365"}],"curies":[{"name":"wp","href":"https:\/\/api.w.org\/{rel}","templated":true}]}}