{"id":1462,"date":"2017-10-25T00:00:00","date_gmt":"2017-10-25T00:00:00","guid":{"rendered":"https:\/\/staging.jbh.is\/?p=1462"},"modified":"2020-09-22T10:50:18","modified_gmt":"2020-09-22T10:50:18","slug":"kosningarad-undir-rifi-hverju","status":"publish","type":"post","link":"https:\/\/jbh.is\/?p=1462","title":{"rendered":"(Kosninga)r\u00e1\u00f0  undir  rifi  hverju"},"content":{"rendered":"<h3>Hva\u00f0  ber  a\u00f0  varast?<\/h3>\n<p>Ef  \u00fe\u00fa  tilheyrir  \u00feessum  20%,  sem  eiga  85%  eigin  fj\u00e1r  landsmanna,  \u00fe\u00e1  er  m\u00e1li\u00f0  einfalt.  (Hluta)f\u00e9lagshyggjan  s\u00e9r  um  s\u00edna.  \u00deeir  sem  eiga  \u00f6ll  ver\u00f0br\u00e9fin,  \u00fear  me\u00f0  taldir  \u00feessir  sex  hundru\u00f0,  sem  eiga  \u00fe\u00fasund  sk\u00faffuf\u00e9l\u00f6g  \u00ed  skattaskj\u00f3lum,  en  \u00e1vaxta  f\u00e9  sitt  \u00ed  traustum  gjaldmi\u00f0lum  og  margf\u00f6ldu\u00f0u  eignir  s\u00ednar  gegnum  leynistigu  fj\u00e1rfestingarlei\u00f0ar  Se\u00f0labankans  \u2013  allir  \u00feessir  og  \u00e1hangendur  \u00feeirra  vita,  a\u00f0  \u00feeir  eiga  a\u00f0  fj\u00e1rfesta  \u00ed  Flokkum,  sem  veita  \u00feeim  skj\u00f3l.  \u00deessir  flokkar  heita  Sj\u00e1lfst\u00e6\u00f0isflokkur  (Engey  ehf.)  og  Mi\u00f0flokkur  (Wintris  ehf.).\u00deessir  flokkar  tryggja  me\u00f0limum  s\u00ednum  st\u00f6\u00f0ugleika  um  \u00f3breytt  \u00e1stand.  \u00deeir  mega  gjarnan  skipta  me\u00f0  s\u00e9r  20%  atkv\u00e6\u00f0anna.  \u00c1ttat\u00edu  pr\u00f3sent  kj\u00f3senda  \u00e6ttu  a\u00f0  fenginni  reynslu    a\u00f0  for\u00f0ast  \u00feessa  flokka  eins  og  heitan  eldinn,  sem  \u00e1  \u00feeim  brennur.  Me\u00f0  \u00f6\u00f0rum  or\u00f0um:  almannahagsmunir  gegn  s\u00e9rhagsmunum.<\/p>\n\n\n<!--more Lesa meira-->\n\n\n<h3>Er  h\u00e6gt  a\u00f0  treysta  \u00feeim?<\/h3>\n<p>\u00c9g  \u00feekki  engan,  sem  efast  um,  a\u00f0  Katr\u00edn  Jakobsd\u00f3ttir  s\u00e9  vammi  firrt.  Vi\u00f0  \u00cdsafjar\u00f0arkratar  studdum  alltaf  Sk\u00fala  Thor  og  The\u00f3d\u00f3ru  gegn  Hannesi  Hafstein  og  landsh\u00f6f\u00f0ingjaslektinu.  \u00dea\u00f0  er  \u00e1g\u00e6tt  vegarnesti.  Pers\u00f3nun\u00ed\u00f0  skr\u00edmsladeildar  Engeyjarflokksins  gegn  Katr\u00ednu  b\u00edtur  \u00fev\u00ed  ekki  \u00e1  okkur,  enda  sprotti\u00f0  af  hr\u00e6\u00f0slu  (sbr.  hr\u00e6\u00f0slu\u00e1r\u00f3\u00f0ur).  En  b\u00f6ggull  fylgir  skammrifi.  Kata  \u00feyrfti  helst  a\u00f0  lofa  \u00fev\u00ed  fyrir  kosningar,  a\u00f0  SAMHERJI  \u00ed  kj\u00f6rd\u00e6mapotinu  fyrir  nor\u00f0an  f\u00e1  hvergi  n\u00e6rri  a\u00f0  koma,  \u00feegar  au\u00f0lindagjaldi\u00f0  ver\u00f0ur  lagt  \u00e1  vei\u00f0ileyfaa\u00f0alinn  (og  helst  a\u00f0  skila  m\u00fatuf\u00e9nu  fr\u00e1  s\u00e6greifunum).<\/p>\n<p>Hva\u00f0  me\u00f0  hann  Loga,  arkitekt?  Hann  er  j\u00fa  norskl\u00e6r\u00f0ur.  \u00dea\u00f0  \u00fe\u00fd\u00f0ir,  a\u00f0  hann  kann  b\u00e6\u00f0i  a\u00f0  l\u00e6kka  byggingarkostna\u00f0  og  \u00feekkir  norr\u00e6na  m\u00f3deli\u00f0  \u00fat  og  inn.  \u00deetta  er  gott  vegarnesti  fyrir  jafna\u00f0armannalei\u00f0toga.  \u00dear  a\u00f0  auki  er  hann  me\u00f0  f\u00f3lk  me\u00f0  s\u00e9r,  sem  kann  vel  til  verka  vi\u00f0  a\u00f0  byggja  upp  \u00fea\u00f0  sem  aflaga  hefur  fari\u00f0  \u00ed  velfer\u00f0arr\u00edkinu.  Reikningshausar  eins  og  Oddn\u00fd  og  \u00c1g\u00fast  \u00d3lafur  kunna  utan  a\u00f0,  hvernig  \u00e1  a\u00f0  sm\u00ed\u00f0a  skattakerfi,  sem  gerir  hvort  tveggja  a\u00f0  hvetja  til  vaxtar  og  dreifir  byr\u00f0unum  r\u00e9ttl\u00e1tlega.  Svo  sakar  ekki  a\u00f0  hafa  h\u00famanista  \u00ed  \u00feingflokknum  eins  og  hann  Gu\u00f0mund  Andra,  sem  tryggingu  fyrir  \u00fev\u00ed,  a\u00f0  flokkurinn  tapi  ekki  \u00e1ttum  \u2013  t\u00fdni  ekki  erindisbr\u00e9finu.<\/p>\n<p>Hva\u00f0  me\u00f0  P\u00edrata?  Ja,  \u00feetta  eru  barnab\u00f6rnin  okkar,  sem  eru  a\u00f0  komast  til  manns.  \u00deau  eru  kannski  svol\u00edti\u00f0  mis\u00feroska,  en  \u00e1  \u00feroskalei\u00f0  samt.  Og  \u00feau  hafa  unni\u00f0  \u00fea\u00f0  s\u00e9r  til  \u00e1g\u00e6tis  a\u00f0  hafa  teki\u00f0  upp  au\u00f0lindastefnu  Al\u00fe\u00fd\u00f0uflokksins  eins  og  h\u00fan  leggur  sig.  Hvers  vegna  ekki  a\u00f0  setja  \u00feau  \u00ed  a\u00f0  leysa  m\u00e1li\u00f0  varanlega  eftir  30  \u00e1ra  rifrildi?<\/p>\n<p>Hva\u00f0  me\u00f0  Ingu  S\u00e6land,  konu  f\u00f3lksins?  \u00c9g  votta  \u00fea\u00f0  h\u00e9r  me\u00f0,  a\u00f0  h\u00fan  er  me\u00f0  ektakratagen,  nor\u00f0lensk,  af  \u00feri\u00f0ju  kynsl\u00f3\u00f0.  H\u00fan  segir  \u00fea\u00f0  sem  h\u00fan  meinar  og  meinar  \u00fea\u00f0  sem  h\u00fan  segir.  \u00dea\u00f0  er  vandfundin  betri  manneskja  til  a\u00f0  koma  skikk  \u00e1  heilbrig\u00f0ism\u00e1lin  og  samspil  almannasj\u00f3\u00f0a  og  l\u00edfeyrissj\u00f3\u00f0a,  sem  er  komi\u00f0  \u00far  li\u00f0i.<\/p>\n<p>Gleymi  \u00e9g  einhverju?  J\u00fa,  g\u00f6mlu  g\u00f3\u00f0u  Frams\u00f3kn.  \u00dea\u00f0  fyndnasta,  sem  g\u00e6ti  gerst  \u00ed  \u00feessum  kosningum,  v\u00e6ri  ef  \u00feingflokkur  Frams\u00f3knar  n\u00e6\u00f0i  landi  me\u00f0  einni  kj\u00f6rd\u00e6makj\u00f6rinni  \u00e1  h\u00f6fu\u00f0borgarsv\u00e6\u00f0inu  (Lilju),  en  \u00feurrka\u00f0ist  \u00fat  \u00e1  landsbygg\u00f0inni.  En  kosningar  eru  ekki  gamanm\u00e1l.  \u00dea\u00f0  er  verk  a\u00f0  vinna,  og  sumt  \u00feolir  enga  bi\u00f0.  Vi\u00f0  \u00feurfum  a\u00f0  velja  f\u00f3lk,  sem  kann  til  verka  og  er  me\u00f0  gott  hjartalag.  \u00dea\u00f0  er  alls  ekki  \u00fatiloka\u00f0,  ef  \u00fei\u00f0  vandi\u00f0  vali\u00f0.<\/p>\n<p>Eitt  enn:  Ekki  tr\u00faa  hr\u00e6\u00f0slu\u00e1r\u00f3r\u00f0i  \u00edhaldsmanna  um    a\u00f0    fj\u00f6gurra  flokka  r\u00edkisstj\u00f3rn  s\u00e9  fyrirfram  dau\u00f0ad\u00e6md.  \u00c9g  var  \u00ed  sl\u00edkri  r\u00edkisstj\u00f3rn  \u00e1  \u00e1runum  1988-91  undir  forystu  Steingr\u00edms  Hermannssonar,  \u00feess  m\u00e6ta  manns.  \u00deetta  var  tr\u00falega  best  manna\u00f0a  r\u00edkisstj\u00f3rn  l\u00fd\u00f0veldisins  \u00e1samt  me\u00f0  fyrstu  Vi\u00f0reisnarstj\u00f3rninni.  H\u00fan  skila\u00f0i    g\u00f3\u00f0um  \u00e1rangri  \u2013  kom  \u00e1  \u00fej\u00f3\u00f0ars\u00e1tt  og  hamdi  ver\u00f0b\u00f3lguna.  En  til  \u00feess  a\u00f0  n\u00e1  g\u00f3\u00f0um  \u00e1rangri,  \u00fearf  fors\u00e6tisr\u00e1\u00f0herrannn  a\u00f0  vera  g\u00f3\u00f0ur  m\u00e1lsvari  og  mannas\u00e6ttir.  \u00de\u00e1  tekst  \u00fea\u00f0.<\/p>","protected":false},"excerpt":{"rendered":"<p>Sumir  hafa  fyrir  satt,  a\u00f0  meirihluti  \u00cdslendinga  s\u00e9u  jafna\u00f0armenn  innst  inni.  Kannski.  \u00deessi  meintu  erf\u00f0agen  hafa  samt  aldrei  fengi\u00f0  sta\u00f0festu  \u00ed  kj\u00f6rk\u00f6ssunum.  \u00de\u00f3  keyr\u00f0i  um  \u00feverbak  \u00ed  skyndikosningunum  seinast.  \u00de\u00e1  tv\u00edstra\u00f0ist  fylgi  jafna\u00f0armanna  \u00ed  allar  \u00e1ttir  til  \u00feess  eins  a\u00f0  skemmta  skrattanum.Fyrsta  vers  er  \u00fev\u00ed  a\u00f0  l\u00e6ra  af  reynslunni.  Ekki  kasta  atkv\u00e6\u00f0um  \u00e1  gl\u00e6(n\u00fd)  skyndiframbo\u00f0.  Leyfum  rokkaranum  lei\u00f0itama  og  Engeyjar-Bensa  a\u00f0  lei\u00f0ast  saman  \u00fat  \u00ed  s\u00f3larlagi\u00f0. <\/p>\n","protected":false},"author":2,"featured_media":0,"comment_status":"closed","ping_status":"closed","sticky":false,"template":"","format":"standard","meta":{"_monsterinsights_skip_tracking":false,"_monsterinsights_sitenote_active":false,"_monsterinsights_sitenote_note":"","_monsterinsights_sitenote_category":0,"footnotes":""},"categories":[1,9],"tags":[],"class_list":["post-1462","post","type-post","status-publish","format-standard","hentry","category-allar_greinar","category-greinar_og_vidtol"],"_links":{"self":[{"href":"https:\/\/jbh.is\/index.php?rest_route=\/wp\/v2\/posts\/1462","targetHints":{"allow":["GET"]}}],"collection":[{"href":"https:\/\/jbh.is\/index.php?rest_route=\/wp\/v2\/posts"}],"about":[{"href":"https:\/\/jbh.is\/index.php?rest_route=\/wp\/v2\/types\/post"}],"author":[{"embeddable":true,"href":"https:\/\/jbh.is\/index.php?rest_route=\/wp\/v2\/users\/2"}],"replies":[{"embeddable":true,"href":"https:\/\/jbh.is\/index.php?rest_route=%2Fwp%2Fv2%2Fcomments&post=1462"}],"version-history":[{"count":3,"href":"https:\/\/jbh.is\/index.php?rest_route=\/wp\/v2\/posts\/1462\/revisions"}],"predecessor-version":[{"id":2631,"href":"https:\/\/jbh.is\/index.php?rest_route=\/wp\/v2\/posts\/1462\/revisions\/2631"}],"wp:attachment":[{"href":"https:\/\/jbh.is\/index.php?rest_route=%2Fwp%2Fv2%2Fmedia&parent=1462"}],"wp:term":[{"taxonomy":"category","embeddable":true,"href":"https:\/\/jbh.is\/index.php?rest_route=%2Fwp%2Fv2%2Fcategories&post=1462"},{"taxonomy":"post_tag","embeddable":true,"href":"https:\/\/jbh.is\/index.php?rest_route=%2Fwp%2Fv2%2Ftags&post=1462"}],"curies":[{"name":"wp","href":"https:\/\/api.w.org\/{rel}","templated":true}]}}