{"id":1472,"date":"2018-08-27T00:00:00","date_gmt":"2018-08-27T00:00:00","guid":{"rendered":"https:\/\/staging.jbh.is\/?p=1472"},"modified":"2020-09-22T10:44:57","modified_gmt":"2020-09-22T10:44:57","slug":"norraena-modelid-gegn-ogrun-nyfrjalshyggjunnar","status":"publish","type":"post","link":"https:\/\/jbh.is\/?p=1472","title":{"rendered":"Norr\u00e6na m\u00f3deli\u00f0 gegn \u00f6grun n\u00fdfrj\u00e1lshyggjunnar"},"content":{"rendered":"<p><img loading=\"lazy\" decoding=\"async\" class=\"alignnone size-medium wp-image-2172\" src=\"https:\/\/jbh.is\/wp-content\/uploads\/2018\/08\/nordic-1-202x300.jpg\" alt=\"\" width=\"202\" height=\"300\" srcset=\"https:\/\/jbh.is\/wp-content\/uploads\/2018\/08\/nordic-1-202x300.jpg 202w, https:\/\/jbh.is\/wp-content\/uploads\/2018\/08\/nordic-1.jpg 336w\" sizes=\"auto, (max-width: 202px) 85vw, 202px\" \/><\/p>\n\n\n<!--more Lesa meira-->\n\n\n<p>B\u00f3kin um norr\u00e6na m\u00f3deli\u00f0 skiptist \u00ed \u00ferj\u00e1 meginkafla:<\/p>\n<p>\u00cd fyrsta kafla fjallar h\u00f6fundur um Hruni\u00f0, orsakir \u00feess og aflei\u00f0ingar. Hann \u00fatsk\u00fdrir, hvers vegna \u00cdsland n\u00e1\u00f0i s\u00e9r fyrr og betur \u00e1 strik en flestar a\u00f0rar \u00fej\u00f3\u00f0ir, s\u00e9rstaklega ja\u00f0ar\u00fej\u00f3\u00f0ir evru-sv\u00e6\u00f0isins, sem sj\u00e1 \u00e1 bak gl\u00f6tu\u00f0um \u00e1ratug eftir hrun.<\/p>\n<p>\u00cd \u00f6\u00f0rum kafla er fjalla\u00f0 um \u00cdsland og Evr\u00f3pusambandi\u00f0. Getuleysi stj\u00f3rnm\u00e1laforystu ESB til a\u00f0 r\u00e1\u00f0a b\u00f3t \u00e1 t\u00e6knilegum \u00e1g\u00f6llum evrusamstarfsins og aflei\u00f0ingum fj\u00e1rm\u00e1lakreppunnar, sem l\u00fdsa s\u00e9r m.a. \u00ed hra\u00f0vaxandi \u00f3j\u00f6fnu\u00f0i, valda \u00fev\u00ed, a\u00f0 a\u00f0ild \u00cdslands a\u00f0 ESB er ekki f\u00fdsilegur kostur \u00ed fyrirsj\u00e1anlegri framt\u00ed\u00f0, a\u00f0 mati h\u00f6fundar.<\/p>\n<p>\u00cd \u00feri\u00f0ja kafla er s\u00fdnt fram \u00e1 yfirbur\u00f0i Norr\u00e6na m\u00f3delsins umfram \u00f3beisla\u00f0 marka\u00f0skerfi \u00ed anda n\u00fdfrj\u00e1lshyggju. Norr\u00e6na m\u00f3delinu er l\u00fdst sem eina raunh\u00e6fa valkostinum vi\u00f0 martr\u00f6\u00f0 n\u00fdfrj\u00e1lshyggjunnar \u00e1 \u00f6ld al\u00fej\u00f3\u00f0av\u00e6\u00f0ingar.<\/p>\n<p>\u00c1ri\u00f0 2017 gaf sama forlag \u00fat riti\u00f0: <a href=\"https:\/\/www.morebooks.de\/store\/gb\/book\/the-baltic-road-to-freedom-iceland-s-role\/isbn\/978-620-2-01654-4\" target=\"top\" rel=\"noopener noreferrer\">\u201eThe Baltic road to Freedom \u2013 Iceland\u00b4s role\u201c<\/a>, eftir J\u00f3n Baldvin. B\u00e1\u00f0ar b\u00e6kurnar m\u00e1 n\u00e1lgast \u00e1 netinu e\u00f0a panta \u00ed kilju hj\u00e1: <a href=\"https:\/\/www.morebooks.de\/\" target=\"top\" rel=\"noopener noreferrer\">www.morebooks.de<\/a>.<\/p>\n<p><img loading=\"lazy\" decoding=\"async\" class=\"alignnone size-full wp-image-2173\" src=\"https:\/\/jbh.is\/wp-content\/uploads\/2018\/08\/baltic-1.jpg\" alt=\"\" width=\"230\" height=\"164\"><\/p>\n<p>B\u00e6kurnar f\u00e1st einnig \u00e1 Amazon:<\/p>\n<p><a href=\"https:\/\/www.amazon.co.uk\/Nordic-model-vs-neoliberal-challenge\/dp\/6139582229\" target=\"top\" rel=\"noopener noreferrer\">The Nordic model vs. the neoliberal challenge<\/a><\/p>\n<p><a href=\"https:\/\/www.amazon.com\/Baltic-road-freedom-Icelands-role\/dp\/620201654X\" target=\"top\" rel=\"noopener noreferrer\">The Baltic road to freedom &#8211; Iceland&#8217;s role<\/a><\/p>","protected":false},"excerpt":{"rendered":"<p><a href=\"https:\/\/www.lap-publishing.com\/catalog\/details\/\/store\/gb\/book\/978-613-9-58222-8\/the-nordic-model-vs-the-neoliberal-challenge\" target=\"top\" rel=\"noopener noreferrer\">\u201eThe Nordic model vs. the neoliberal challenge\u201c<\/a> er heiti n\u00fdrrar b\u00f3kar \u00e1 ensku eftir J\u00f3n Baldvin Hannibalsson,<br \/>\n fyrrverandi formann Al\u00fe\u00fd\u00f0uflokksins. \u00datgefandi b\u00f3karinnar, sem er 343 bls., er <a href=\"https:\/\/www.lap-publishing.com\/\" target=\"top\" rel=\"noopener noreferrer\">Lambert Academic Publishing<\/a> (LAP) \u00ed \u00de\u00fdskalandi. <\/p>\n","protected":false},"author":2,"featured_media":0,"comment_status":"closed","ping_status":"closed","sticky":false,"template":"","format":"standard","meta":{"_monsterinsights_skip_tracking":false,"_monsterinsights_sitenote_active":false,"_monsterinsights_sitenote_note":"","_monsterinsights_sitenote_category":0,"footnotes":""},"categories":[1,9],"tags":[],"class_list":["post-1472","post","type-post","status-publish","format-standard","hentry","category-allar_greinar","category-greinar_og_vidtol"],"_links":{"self":[{"href":"https:\/\/jbh.is\/index.php?rest_route=\/wp\/v2\/posts\/1472","targetHints":{"allow":["GET"]}}],"collection":[{"href":"https:\/\/jbh.is\/index.php?rest_route=\/wp\/v2\/posts"}],"about":[{"href":"https:\/\/jbh.is\/index.php?rest_route=\/wp\/v2\/types\/post"}],"author":[{"embeddable":true,"href":"https:\/\/jbh.is\/index.php?rest_route=\/wp\/v2\/users\/2"}],"replies":[{"embeddable":true,"href":"https:\/\/jbh.is\/index.php?rest_route=%2Fwp%2Fv2%2Fcomments&post=1472"}],"version-history":[{"count":6,"href":"https:\/\/jbh.is\/index.php?rest_route=\/wp\/v2\/posts\/1472\/revisions"}],"predecessor-version":[{"id":2625,"href":"https:\/\/jbh.is\/index.php?rest_route=\/wp\/v2\/posts\/1472\/revisions\/2625"}],"wp:attachment":[{"href":"https:\/\/jbh.is\/index.php?rest_route=%2Fwp%2Fv2%2Fmedia&parent=1472"}],"wp:term":[{"taxonomy":"category","embeddable":true,"href":"https:\/\/jbh.is\/index.php?rest_route=%2Fwp%2Fv2%2Fcategories&post=1472"},{"taxonomy":"post_tag","embeddable":true,"href":"https:\/\/jbh.is\/index.php?rest_route=%2Fwp%2Fv2%2Ftags&post=1472"}],"curies":[{"name":"wp","href":"https:\/\/api.w.org\/{rel}","templated":true}]}}