{"id":1498,"date":"2019-02-21T00:00:00","date_gmt":"2019-02-21T00:00:00","guid":{"rendered":"https:\/\/staging.jbh.is\/?p=1498"},"modified":"2020-09-22T10:07:04","modified_gmt":"2020-09-22T10:07:04","slug":"eg-er-einn-af-theim","status":"publish","type":"post","link":"https:\/\/jbh.is\/?p=1498","title":{"rendered":"\u00c9g er einn af \u00feeim&#8230; Afm\u00e6liskve\u00f0ja fr\u00e1 \u00deresti \u00d3lafssyni"},"content":{"rendered":"<p><b>\u00c9g er einn af \u00feeim<\/b> sem telur a\u00f0 n\u00fa s\u00e9 komi\u00f0 n\u00f3g. Allt hefur sinn t\u00edma og s\u00edn takm\u00f6rk. L\u00edka mannor\u00f0sherfer\u00f0, \u00fear sem markmi\u00f0i\u00f0 vir\u00f0ist ekki bara vera a\u00f0 koma h\u00f6ggi \u00e1 vi\u00f0komandi heldur a\u00f0 leggja hann a\u00f0 velli, r\u00e6na hann \u00e6runni. Gera hann \u00fatl\u00e6gan \u00ed eigin landi. \u00deeir sem telja J\u00f3n Baldvin hafa broti\u00f0 \u00e1 s\u00e9r, eiga skilyr\u00f0islaust a\u00f0 leita r\u00e9ttar s\u00edns. Vi\u00f0 lifum enn \u00ed r\u00e9ttarr\u00edki \u2013 ekki l\u00fd\u00f0veldi g\u00f6tunnar. Hann ver\u00f0ur a\u00f0 l\u00fata ni\u00f0urst\u00f6\u00f0u r\u00e9ttv\u00edsinnar eins og hver annar.<\/p>\n\n\n<!--more Lesa meira-->\n\n\n<p><b>\u00c9g er einn af \u00feeim<\/b> sem t\u00f3k \u00fe\u00e1tt \u00ed and\u00f3fi og uppsteiti n\u00e1msmanna \u00ed Vestur Berl\u00edn \u00ed upphafi sj\u00f6unda \u00e1ratugs li\u00f0innar aldar. \u00dear voru m\u00f6rg borgaraleg gildi brotin \u00ed spa\u00f0 og einstaklingum \u00f6gra\u00f0.\u00c9g fylgdist me\u00f0 hvernig fj\u00f6lmi\u00f0laveldi Springers lag\u00f0ist af alefli gegn forystum\u00f6nnum hreyfingarinnar, ofs\u00f3tti \u00fe\u00e1, r\u00fasta\u00f0i mannor\u00f0i \u00feeirra og ger\u00f0i \u00fe\u00e1 \u00fatl\u00e6ga \u00far mannlegu samf\u00e9lagi. einn haf\u00f0i upptendrast svo af \u00f3hr\u00f3\u00f0ri og uppspuna Springerpressunnar a\u00f0 hann fann sig kn\u00fainn til a\u00f0 reyna a\u00f0 losa \u00fej\u00f3\u00f0f\u00e9lagi\u00f0 vi\u00f0 \u00feennan \u00f3f\u00f6gnu\u00f0 og skaut Rud\u00ed Dutchke \u00e1 g\u00f6tu. Vi\u00f0 r\u00e9ttarh\u00f6ld yfir byssumanninum kom fram a\u00f0 s\u00fa afskr\u00e6mda mynd sem fyrrnefndir fj\u00f6lmi\u00f0lar g\u00e1fu af st\u00fadentalei\u00f0toganum haf\u00f0i myrkva\u00f0 huga byssumannsins svo, a\u00f0 hann leit n\u00e1nast \u00e1 \u00fea\u00f0 sem samf\u00e9lagslegt l\u00edknarm\u00e1l a\u00f0 koma R.D. fyrir kattarnef. Hann var or\u00f0inn r\u00e9ttdr\u00e6pur. Hann var\u00f0 aldrei samur og jafn og bei\u00f0 a\u00f0 lokum bana af s\u00e1runum.<\/p>\n<p><b>\u00c9g er einn af \u00feeim<\/b> sem fylgdist me\u00f0 afdrifum \u00fdmissa annarra lei\u00f0andi einstaklinga \u00far bar\u00e1ttu okkar st\u00fadentanna \u00e1 \u00e1runum fyrir 1968. Sumir \u00feeirra voru hundeltir svo a\u00f0 \u00feeirra bei\u00f0 ekkert nema \u00fatsk\u00fafun og atvinnubann. Einn \u00feeirra haf\u00f0i gengi\u00f0 fram af hei\u00f0vir\u00f0u f\u00f3lki me\u00f0 \u00fev\u00ed a\u00f0 koma \u00e1 f\u00f3t komm\u00fanu og stofna \u00feannig til \u00f3hef\u00f0bundins og \u201c\u00f3si\u00f0legs\u201d saml\u00edfis karla og kvenna. Umm\u00e6li hans og athafnir \u00fe\u00f3ttu sanna a\u00f0 \u00fearna f\u00e6ri st\u00f3rh\u00e6ttulegur ma\u00f0ur. \u00datsk\u00fafunin t\u00f3kst. Hann einangra\u00f0ist og vesla\u00f0ist upp. \u00de\u00e1 var oft vitna\u00f0 til l\u00fd\u00f0sins sem hr\u00e6kti \u00e1 Krist og f\u00e9kk hann krossfestan. G\u00f6bbels haf\u00f0i r\u00e9tt fyrir s\u00e9r. Ef klifa\u00f0 er n\u00f3gsamlega \u00e1 s\u00f6mu fullyr\u00f0ingunni, \u00fe\u00f3tt uppspuni s\u00e9, ver\u00f0ur henni tr\u00faa\u00f0.<\/p>\n<p><b>\u00c9g er einn af \u00feeim<\/b> sem \u00e1tti a\u00f0ild a\u00f0 a\u00f0ger\u00f0um \u00edslenkra st\u00fadenta \u00ed sendir\u00e1\u00f0um landsins \u00e1 Nor\u00f0url\u00f6ndum \u00ed sumarbyrjun 1970. Sem forma\u00f0u S\u00cdNE haf\u00f0i \u00e9g nokku\u00f0 afgerandi \u00e1hrif \u00e1 a\u00f0 \u00edslenskir st\u00fadentar erlendis efldu til and\u00f3fsa\u00f0ger\u00f0a. \u00der\u00e1tt fyrir harkaleg vi\u00f0br\u00f6g\u00f0 sumra fj\u00f6lmi\u00f0la vegna \u00feeirrar \u201csm\u00e1nar \u201csem \u00fej\u00f3\u00f0inni var s\u00fdnd, h\u00f3fst ekkert gj\u00f6rningave\u00f0ur gegn einstaklingunum, engar ofs\u00f3knir . Mig minnir \u00fe\u00f3 a\u00f0 eitt bla\u00f0 hafi reynt a\u00f0 gera s\u00e9r brag\u00f0vondan mat \u00far \u00feessu. Forystuf\u00f3lk \u00edslenskra stj\u00f3rnm\u00e1la og fj\u00f6lmi\u00f0la l\u00e9t kjurt liggja. \u00dea\u00f0 s\u00fdndi \u00feroska, yfirvegun og h\u00f3fsemi.<\/p>\n<p><b>\u00c9g er einn af \u00feeim<\/b> sem tel J\u00f3n Baldvin vera einn af merkustu, \u00edslensku stj\u00f3rnm\u00e1lam\u00f6nnum li\u00f0innar aldar, \u00fev\u00ed verk hans hafa skipt \u00fej\u00f3\u00f0ina milku m\u00e1li og f\u00e6rt okkur mikla hags\u00e6ld.Hann er auk \u00feess eini \u00edslenski stj\u00f3rnm\u00e1lama\u00f0urinn sem er \u00feekktur,virtur og d\u00e1\u00f0ur erlendis. Samningurinn um EES var afar umdeildur \u00e1 s\u00ednum t\u00edma, svo ekki s\u00e9 meira sagt.Hann hefur f\u00e6rt \u00cdslendingum meiri velmegun og r\u00e9ttarb\u00e6tur en nokkur annar samningur sem vi\u00f0 h\u00f6fum gert fr\u00e1 fyrra str\u00ed\u00f0i. Fyrir \u00fea\u00f0 var JBH borinn \u00feungum s\u00f6kum ; haugar af \u00f3hr\u00f3\u00f0ri og lygum hr\u00f6nnu\u00f0ust upp.Honum var h\u00f3ta\u00f0 l\u00edfl\u00e1ti. Eldur borinn a\u00f0 h\u00fasi hans. Landr\u00e1\u00f0ama\u00f0ur !<\/p>\n<p><b>\u00c9g er einn af \u00feeim<\/b> sem veit a\u00f0 J\u00f3n Baldvin er ekki heilagur ma\u00f0ur.Hann er har\u00f0ur \u00ed horn a\u00f0 taka og getur veri\u00f0 \u00f3v\u00e6ginn. \u00der\u00e1tt fyrir \u00fe\u00e6r \u00e1sakanir sem \u00e1 honum hafa duni\u00f0, og enginn nema hann og \u00fe\u00e6r sem \u00e1saka geta me\u00f0 vissu vita\u00f0, hvort eru r\u00e9ttar e\u00f0a ekki, hefur \u00fea\u00f0 veri\u00f0 \u00cdslandi miki\u00f0 happ a\u00f0 hann skyldi hafa veri\u00f0 til sta\u00f0ar, \u00feegar vi\u00f0 ur\u00f0um a\u00f0 \u00e1kve\u00f0a hva\u00f0a lei\u00f0 vi\u00f0 \u00e1ttum a\u00f0 velja \u00ed Evr\u00f3pum\u00e1lum. \u00c1samt flokki s\u00ednum leiddi J\u00f3n Baldvin \u00fej\u00f3\u00f0ina inn \u00ed EES. Allir a\u00f0rir flokkar h\u00f6f\u00f0u sn\u00faist eins og skopparakringlur \u00ed m\u00e1linu a\u00f0 Kvennalistanum einum undanskildum, sem alltaf var \u00e1 m\u00f3ti. \u00cd gegnum \u00feykkt og \u00feunnt st\u00f3\u00f0 hann me\u00f0 og bar\u00f0ist fyrir frelsiskr\u00f6fum Eystrasaltsr\u00edkjanna, einn forystumanna vestr\u00e6nna \u00fej\u00f3\u00f0a.\u00dea\u00f0 var ekki gert til a\u00f0 vernda \u00edslenska hagsmuni, \u00fevert \u00e1 m\u00f3ti.Fyrir \u00feetta tvennt hefur hann h\u00e9r heima ekki fengi\u00f0 \u00fe\u00e1 vi\u00f0urkenningu sem skyldi. B\u00f3kin \u00e1tti a\u00f0 vera \u00feessi \u00feakkl\u00e6tisvottur. Al\u00feekkt er a\u00f0 h\u00e1ar byggingar varpa af s\u00e9r l\u00f6ngum skugga.<\/p>\n<p><b>\u00c9g er einn af \u00feeim<\/b> sem \u00f3ska J\u00f3ni Baldvini til hamingju me\u00f0 \u00e1ttr\u00e6\u00f0isafm\u00e6li\u00f0. Vi\u00f0 hj\u00f3nin \u00fe\u00f6kkum \u00e1ralanga vin\u00e1ttu sem og einstakt framlag hans til \u00edslenskra stj\u00f3rnm\u00e1la. Hvorugt fyrnist.<\/p>","protected":false},"excerpt":{"rendered":"<p><b>\u00c9g er einn af \u00feeim<\/b> sem st\u00f3\u00f0 a\u00f0 \u00fatg\u00e1fu og s\u00f6fnun afm\u00e6lis heilla\u00f3ska \u00e1 b\u00f3k um framt\u00ed\u00f0 jafna\u00f0arstefnu, a\u00f0komu \u00cdslands a\u00f0 sj\u00e1lfst\u00e6\u00f0ism\u00e1lum Eystrasaltsr\u00edkjanna og a\u00f0ild landsins a\u00f0 samningnum um EES. S\u00fa b\u00f3k er ekki a\u00f0eins \u00f3missandi heimild um heimss\u00f6gulega atbur\u00f0i heldur mikilv\u00e6gt s\u00fdnishorn um stj\u00f3rnm\u00e1lahugsun og p\u00f3lit\u00edskan feril J\u00f3ns Baldvins. Enginn \u00edslenskur stj\u00f3rnm\u00e1lama\u00f0ur hefur rita\u00f0 \u00edtarlegar og skarpar um stj\u00f3rnm\u00e1lahugsj\u00f3n s\u00edna \u00e1 l\u00fd\u00f0veldist\u00edma en J\u00f3n Baldvin. <\/p>\n<p><b>\u00c9g er einn af \u00feeim<\/b> sem \u00e1kv\u00e1\u00f0u a\u00f0 h\u00e6tta vi\u00f0 og fresta \u00fatg\u00e1fu b\u00f3karinnar vegna \u00feess a\u00f0 andr\u00famlofti\u00f0 \u00ed samf\u00e9laginu var l\u00e6vi blandi\u00f0 og umr\u00e6\u00f0an um h\u00f6fundinn drifinn \u00e1fram af hatri sem varhugavert er a\u00f0 fara \u00e1 fj\u00f6rurnar vi\u00f0. <\/p>\n","protected":false},"author":2,"featured_media":0,"comment_status":"closed","ping_status":"closed","sticky":false,"template":"","format":"standard","meta":{"_monsterinsights_skip_tracking":false,"_monsterinsights_sitenote_active":false,"_monsterinsights_sitenote_note":"","_monsterinsights_sitenote_category":0,"footnotes":""},"categories":[10,1],"tags":[],"class_list":["post-1498","post","type-post","status-publish","format-standard","hentry","category-afmaeliskvejur","category-allar_greinar"],"_links":{"self":[{"href":"https:\/\/jbh.is\/index.php?rest_route=\/wp\/v2\/posts\/1498","targetHints":{"allow":["GET"]}}],"collection":[{"href":"https:\/\/jbh.is\/index.php?rest_route=\/wp\/v2\/posts"}],"about":[{"href":"https:\/\/jbh.is\/index.php?rest_route=\/wp\/v2\/types\/post"}],"author":[{"embeddable":true,"href":"https:\/\/jbh.is\/index.php?rest_route=\/wp\/v2\/users\/2"}],"replies":[{"embeddable":true,"href":"https:\/\/jbh.is\/index.php?rest_route=%2Fwp%2Fv2%2Fcomments&post=1498"}],"version-history":[{"count":4,"href":"https:\/\/jbh.is\/index.php?rest_route=\/wp\/v2\/posts\/1498\/revisions"}],"predecessor-version":[{"id":2597,"href":"https:\/\/jbh.is\/index.php?rest_route=\/wp\/v2\/posts\/1498\/revisions\/2597"}],"wp:attachment":[{"href":"https:\/\/jbh.is\/index.php?rest_route=%2Fwp%2Fv2%2Fmedia&parent=1498"}],"wp:term":[{"taxonomy":"category","embeddable":true,"href":"https:\/\/jbh.is\/index.php?rest_route=%2Fwp%2Fv2%2Fcategories&post=1498"},{"taxonomy":"post_tag","embeddable":true,"href":"https:\/\/jbh.is\/index.php?rest_route=%2Fwp%2Fv2%2Ftags&post=1498"}],"curies":[{"name":"wp","href":"https:\/\/api.w.org\/{rel}","templated":true}]}}