{"id":2259,"date":"2019-09-29T18:32:38","date_gmt":"2019-09-29T18:32:38","guid":{"rendered":"https:\/\/staging.jbh.is\/?p=2259"},"modified":"2020-09-22T09:59:20","modified_gmt":"2020-09-22T09:59:20","slug":"taepitungulaust-lifsskodun-jafnadarmanns","status":"publish","type":"post","link":"https:\/\/jbh.is\/?p=2259","title":{"rendered":"T\u00e6pitungulaust, l\u00edfssko\u00f0un jafna\u00f0armanns"},"content":{"rendered":"<p>Tilefni \u00feessarar b\u00f3kar er a\u00f0 vekja upp umr\u00e6\u00f0u um jafna\u00f0arstefnuna, s\u00f6gulegt hlutverk hennar \u00ed a\u00f0 breyta \u00fej\u00f3\u00f0f\u00e9laginu \u00ed anda mannr\u00e9ttinda og mann\u00fa\u00f0ar. H\u00fan svarar spurninginni: \u00c1 jafna\u00f0arstefnan erindi vi\u00f0 f\u00f3lk \u00ed velfer\u00f0arr\u00edkjum samt\u00edmans og \u00ed n\u00e1inni framt\u00ed\u00f0?<\/p>\n<p><img loading=\"lazy\" decoding=\"async\" class=\"alignnone size-full wp-image-2263\" src=\"https:\/\/jbh.is\/wp-content\/uploads\/2019\/10\/taepitungulaust2.jpg\" alt=\"\" width=\"645\" height=\"555\" srcset=\"https:\/\/jbh.is\/wp-content\/uploads\/2019\/10\/taepitungulaust2.jpg 645w, https:\/\/jbh.is\/wp-content\/uploads\/2019\/10\/taepitungulaust2-300x258.jpg 300w\" sizes=\"auto, (max-width: 709px) 85vw, (max-width: 909px) 67vw, (max-width: 984px) 61vw, (max-width: 1362px) 45vw, 600px\" \/><\/p>\n\n\n<!--more Lesa meira-->\n\n\n<p>L\u00edfssko\u00f0un jafna\u00f0armannsins J\u00f3ns Baldvins Hannibalssonar kemur h\u00e9r fram \u00ed s\u00f6gulegu lj\u00f3si. Hann fer me\u00f0 lesandann fram og til baka \u00ed \u00cdslandss\u00f6gunni til a\u00f0 breg\u00f0a birtu \u00e1 orsakir og aflei\u00f0ingar Hrunsins og au\u00f0lindap\u00f3lit\u00edk og efnir til rauns\u00e6rrar umr\u00e6\u00f0u um st\u00f6\u00f0u \u00cdslands \u00ed samf\u00e9lagi \u00fej\u00f3\u00f0a \u00ed n\u00e1nustu framt\u00ed\u00f0. Jafna\u00f0arma\u00f0urinn d\u00fdpkar s\u00fdn okkar \u00e1 norr\u00e6na m\u00f3delinu, sem \u00f6grun gegn n\u00fdfrj\u00e1lshyggjunni og spyr hvers vegna flestir jafna\u00f0armannaflokkar Evr\u00f3pu hafa brug\u00f0ist \u00fev\u00ed a\u00f0 m\u00e6ta \u00feessari \u00f6grun.<\/p>\n<p>K\u00f3r\u00f3nan \u00e1 ferli J\u00f3ns Baldvins sem utanr\u00edkisr\u00e1\u00f0herra var frumkv\u00e6\u00f0i hans a\u00f0 vi\u00f0urkenningu al\u00fej\u00f3\u00f0asamf\u00e9lagsins \u00e1 endurreistu sj\u00e1lfst\u00e6\u00f0i Eystasalts\u00fej\u00f3\u00f0ann \u00feriggja. \u00deetta ger\u00f0i J\u00f3n Baldvin \u00ed bl\u00f3ra vi\u00f0 yfirl\u00fdsta stefnu lei\u00f0toga vesturveldanna. Hann reyndist meta st\u00f6\u00f0una r\u00e9tt, enda var\u00f0 stefna hans ofan \u00e1 \u00ed \u00feessu m\u00e1li. \u00deetta hefur enginn \u00edslenskur stj\u00f3rnm\u00e1lalei\u00f0togi leiki\u00f0 eftir og \u00ed \u00feessari b\u00f3k l\u00fdsir hann a\u00f0draganda \u00feess sem setti \u00cdsland \u00e1 heimskorti\u00f0.<\/p>\n<p>\u201cJ\u00f3n Baldvin \u201eer einn af f\u00e1um \u00edslenskum stj\u00f3rnm\u00e1lam\u00f6nnum, sem geta talist umtalsver\u00f0ir p\u00f3lit\u00edskir hugsu\u00f0ir me\u00f0 heillega og yfirgripsmikla l\u00edfss\u00fdn e\u00f0a p\u00f3lit\u00edska hugmyndafr\u00e6\u00f0i\u201c, eins og Dr. \u00d3lafur \u00de. Har\u00f0arson, pr\u00f3fessor, kemst a\u00f0 or\u00f0i \u00ed inngangi s\u00ednum \u00ed \u00feessari b\u00f3k. Kjarninn \u00ed \u00feeirri hugmyndafr\u00e6\u00f0i sn\u00fdst um yfirbur\u00f0i Norr\u00e6na samf\u00e9lagsm\u00f3delsins umfram \u00f3beisla\u00f0 marka\u00f0skerfi \u00ed anda n\u00fdfrj\u00e1lshyggju. Norr\u00e6na m\u00f3deli\u00f0 er a\u00f0 mati J\u00f3ns Baldvins \u201ev\u00e6nlegasti ve\u00f0urvitinn \u00ed upphafi 21. aldar\u201c.<\/p>\n<p>Styrmir Gunnarsson:&nbsp;<a href=\"https:\/\/www.mbl.is\/greinasafn\/grein\/1733948\/?item_num=3&amp;searchid=2dc015b652d5e35582605dcf6b00459feb5d2920\" target=\"_blank\" rel=\"noopener noreferrer\">Geta jafna\u00f0armenn fundi\u00f0 r\u00e6tur s\u00ednar \u00e1 n\u00fd?<\/a>,<br>Morgunbla\u00f0i\u00f0 28. september 2019.<\/p>\n<p>Sighvatur Bj\u00f6rgvinsson: <a href=\"https:\/\/kjarninn.is\/skodun\/2019-09-30-lifsskodun-jafnadarmanns\/\" target=\"_blank\" rel=\"noopener noreferrer\">L\u00edfssko\u00f0un jafna\u00f0armanns<\/a>,<br>Kjarninn 30. september 2019.<\/p>\n<p>\u00deorvaldur Gylfason:&nbsp;<a href=\"https:\/\/www.frettabladid.is\/skodun\/taepitungulaust-og-hvergi-feilnota\/\" target=\"_blank\" rel=\"noopener noreferrer\">T\u00e6pitungulaust \u2013 og hvergi feiln\u00f3ta<\/a>,<br>Fr\u00e9ttabla\u00f0i\u00f0 3. okt\u00f3ber 2019.<\/p>\n<p>\u00c1rni Gunnarsson: <a href=\"https:\/\/www.mbl.is\/greinasafn\/innskraning\/?redirect=%2Fgreinasafn%2Fgrein%2F1734645%2F%3Ft%3D433520891&amp;page_name=article&amp;grein_id=1734645\" target=\"_blank\" rel=\"noopener noreferrer\">J\u00f3n Baldvin talar t\u00e6pitungulaust<\/a>,<br>Morgunbla\u00f0i\u00f0 11. okt\u00f3ber 2019.<\/p>\n<p>\u00der\u00f6stur \u00d3lafsson:&nbsp;<a href=\"https:\/\/kjarninn.is\/skodun\/2019-10-10-sannfaering-og-astrida-politisk-barattusaga-jbh\/?fbclid=IwAR2hYmDWVfoQP-dD4K94ABA7kChOrIVlMEqY_951f9TmXpufuAN9ifROH4Q\" target=\"_blank\" rel=\"noopener noreferrer\">Sannf\u00e6ring og \u00e1str\u00ed\u00f0a \u2013 p\u00f3lit\u00edsk bar\u00e1ttusaga JBH<\/a>,<br>Kjarninn, 10. okt\u00f3ber 2019.<\/p>\n<p>Karl Th. Birgisson: <a href=\"https:\/\/stundin.is\/grein\/9778\/\" target=\"_blank\" rel=\"noopener noreferrer\">Leiftrandi hugsun og kjarni m\u00e1ls &#8211; en l\u00edka allt hitt<\/a>, Stundin 20. okt\u00f3ber 2019.<\/p>\n<p>Stef\u00e1n Sn\u00e6varr: <a href=\"https:\/\/stundin.is\/blogg\/stefan-snaevarr\/jbh-taepitungulaust-ritdomur\/?fbclid=IwAR28Jgs3oni9XugYDUS5wc72G3NhYtyBy1AZKplI5kGwEl3w5y5J9El4Ruk\" target=\"_blank\" rel=\"noopener noreferrer\">JBH: T\u00e6pitungulaust (ritd\u00f3mur)<\/a>,<br>Stundin 2. n\u00f3vember 2019<\/p>\n<p>Stef\u00e1n \u00d3lafsson: <a href=\"https:\/\/kjarninn.is\/skodun\/2019-10-31-uppgjor-jafnadarmanns-um-bok-jons-baldvins\/\" target=\"_blank\" rel=\"noopener noreferrer\">Uppgj\u00f6r jafna\u00f0armanns: Um b\u00f3k J\u00f3ns Baldvins<\/a>,<br>Kjarninn 2. n\u00f3vember 2019.<\/p>\n<p>\u00der\u00e1inn Hallgr\u00edmsson: <a href=\"https:\/\/jbh.is\/wp-content\/uploads\/2019\/09\/thrainn_hallgrimsson.pdf\" target=\"_blank\" rel=\"noopener noreferrer\">Ums\u00f6gn um l\u00edfssko\u00f0un jafna\u00f0armanns<\/a>,<br>sendirbr\u00e9f til J\u00f3ns Baldvins jan\u00faar 2020<\/p>\n<p>Birgir D\u00fdrfj\u00f6r\u00f0: <a href=\"https:\/\/jbh.is\/wp-content\/uploads\/2019\/09\/birgir_dyrfjord.pdf\" target=\"_blank\" rel=\"noopener noreferrer\">Ums\u00f6gn um T\u00e6pitungulaust<\/a>,<br>sendibr\u00e9f til J\u00f3ns Baldvins jan\u00faar 2020.<\/p>","protected":false},"excerpt":{"rendered":"<p>B\u00f3kin er gefin \u00fat 29 september, \u00e0 60 \u00e1ra br\u00fa\u00f0kaupsafm\u00e6li J\u00f3ns Baldvins og Brynd\u00edsar.  HB Av gaf b\u00f3kina \u00fat.<\/p>\n","protected":false},"author":2,"featured_media":0,"comment_status":"closed","ping_status":"open","sticky":false,"template":"","format":"standard","meta":{"_monsterinsights_skip_tracking":false,"_monsterinsights_sitenote_active":false,"_monsterinsights_sitenote_note":"","_monsterinsights_sitenote_category":0,"footnotes":""},"categories":[1,9],"tags":[],"class_list":["post-2259","post","type-post","status-publish","format-standard","hentry","category-allar_greinar","category-greinar_og_vidtol"],"_links":{"self":[{"href":"https:\/\/jbh.is\/index.php?rest_route=\/wp\/v2\/posts\/2259","targetHints":{"allow":["GET"]}}],"collection":[{"href":"https:\/\/jbh.is\/index.php?rest_route=\/wp\/v2\/posts"}],"about":[{"href":"https:\/\/jbh.is\/index.php?rest_route=\/wp\/v2\/types\/post"}],"author":[{"embeddable":true,"href":"https:\/\/jbh.is\/index.php?rest_route=\/wp\/v2\/users\/2"}],"replies":[{"embeddable":true,"href":"https:\/\/jbh.is\/index.php?rest_route=%2Fwp%2Fv2%2Fcomments&post=2259"}],"version-history":[{"count":18,"href":"https:\/\/jbh.is\/index.php?rest_route=\/wp\/v2\/posts\/2259\/revisions"}],"predecessor-version":[{"id":2588,"href":"https:\/\/jbh.is\/index.php?rest_route=\/wp\/v2\/posts\/2259\/revisions\/2588"}],"wp:attachment":[{"href":"https:\/\/jbh.is\/index.php?rest_route=%2Fwp%2Fv2%2Fmedia&parent=2259"}],"wp:term":[{"taxonomy":"category","embeddable":true,"href":"https:\/\/jbh.is\/index.php?rest_route=%2Fwp%2Fv2%2Fcategories&post=2259"},{"taxonomy":"post_tag","embeddable":true,"href":"https:\/\/jbh.is\/index.php?rest_route=%2Fwp%2Fv2%2Ftags&post=2259"}],"curies":[{"name":"wp","href":"https:\/\/api.w.org\/{rel}","templated":true}]}}