{"id":3039,"date":"2020-02-14T09:39:40","date_gmt":"2020-02-14T09:39:40","guid":{"rendered":"https:\/\/jbh.is\/?p=3039"},"modified":"2021-08-21T09:57:59","modified_gmt":"2021-08-21T09:57:59","slug":"throstur-olafsson-opid-bref-til-utvarpsstjora","status":"publish","type":"post","link":"https:\/\/jbh.is\/?p=3039","title":{"rendered":"\u00der\u00f6stur \u00d3lafsson: Opi\u00f0 br\u00e9f til \u00fatvarpsstj\u00f3ra"},"content":{"rendered":"\n<p>\u00c9g var\u00f0 undrandi og eil\u00edti\u00f0 skelka\u00f0ur, \u00feegar \u00e9g hlusta\u00f0i og horf\u00f0i&nbsp; \u00e1 fr\u00e9ttir R\u00daV af 30 \u00e1ra afm\u00e6li vi\u00f0urkenningar \u00cdslands \u00e1 sj\u00e1lfst\u00e6\u00f0i Lith\u00e1ens. \u00dear vanta\u00f0i eitthva\u00f0 \u00ed fr\u00e9ttina.Ger\u00f0ist \u00feetta af sj\u00e1lfu s\u00e9r ? Var \u00feetta ekki \u00ed fyrsta sinn sem \u00cdsland ger\u00f0i sig gildandi og t\u00f3k afst\u00f6\u00f0u \u00ed m\u00e1li sem var al\u00fej\u00f3\u00f0legt, ofur eldfimt en miki\u00f0 r\u00e9ttl\u00e6tism\u00e1l ? Vi\u00f0urkenning Eystrasaltsr\u00edkjanna sem sj\u00e1lfst\u00e6\u00f0&nbsp;r\u00edki var \u00e1 s\u00ednum t\u00edma umdeilt, b\u00e6\u00f0i me\u00f0al vina\u00fej\u00f3\u00f0a erlendis og h\u00e9r heima, svo ekki s\u00e9 minnst \u00e1 sj\u00e1lf Sov\u00e9tr\u00edkin. Vestr\u00e6nar st\u00f3r\u00fej\u00f3\u00f0ir me\u00f0 BNA og \u00de\u00fdskaland \u00ed broddi fylkingar, r\u00e9\u00f0u eindregi\u00f0 fr\u00e1 \u00fev\u00ed, a\u00f0 \u00cdsland ger\u00f0i \u00feetta. \u00de\u00e6r \u00f3ttu\u00f0ust, a\u00f0 \u00fea\u00f0 myndi gera Gorbatsjoff erfitt fyrir og endurvekja kalda str\u00ed\u00f0i\u00f0. \u00de\u00fdskaland \u00e1tti miki\u00f0 undir \u00fev\u00ed, a\u00f0 ekki hlypi snu\u00f0ra \u00e1 \u00fer\u00e1\u00f0inn. \u00deetta var r\u00e6tt \u00e1 fundi \u00ed NATO, \u00fear sem eindregi\u00f0 var vara\u00f0 vi\u00f0 \u00feessum einleik. H\u00e9r heima kom fram andsta\u00f0a, a\u00f0allega fr\u00e1 vinstra f\u00f3lki, sem enn h\u00e9lt tr\u00fana\u00f0i vi\u00f0 Sov\u00e9tr\u00edkin. Einnig heyr\u00f0ust raddir \u00far hinum stj\u00f3rnarflokknum, sem taldi \u00feetta vera einskisver\u00f0a t\u00edmas\u00f3un. \u00c9g var a\u00f0 sinna opinberum erindum \u00ed Moskvu nokkru fyrr og var, \u00e1samt utanr\u00edkisr\u00e1\u00f0herrum hinna norr\u00e6nu r\u00edkjanna,sem \u00fear voru staddir, kalla\u00f0ur \u00e1 fund me\u00f0 Gorbatsjoff \u00ed Kreml. \u00dear vara\u00f0i hann Nor\u00f0url\u00f6ndin eindregi\u00f0 vi\u00f0 \u00fev\u00ed, a\u00f0 st\u00edga nokkur \u00feau skref, sem \u00fdta myndu undir frekari p\u00f3lit\u00edskan \u00f3r\u00f3a \u00ed sov\u00e9skum l\u00f6ndunum vi\u00f0 Eystrasalt; vi\u00f0 kynnum a\u00f0 hafa verra af. Hann \u00edtreka\u00f0i or\u00f0 s\u00edn, og mi\u00f0a\u00f0 vi\u00f0 hvert hann beindi sj\u00f3num s\u00ednum, f\u00f3r ekki \u00e1 milli m\u00e1la, hverja hann haf\u00f0i \u00ed huga.Erindi hans vi\u00f0 okkur var ekkert anna\u00f0.<\/p>\n\n\n\n<!--more Lesa meira-->\n\n\n\n<p><strong>\u00cdsland rei\u00f0 \u00e1 h\u00e1skalegt va\u00f0.<\/strong><\/p>\n\n\n\n<p>\u00deegar \u00cdsland rei\u00f0 \u00e1 va\u00f0i\u00f0 og vi\u00f0urkenndi sj\u00e1lfst\u00e6\u00f0i Eystrasaltsr\u00edkjanna, \u00fdtti \u00fea\u00f0 vi\u00f0 \u00f6\u00f0rum a\u00f0 gera sl\u00edkt hi\u00f0 sama. Danir og fleiri Nor\u00f0urlanda\u00fej\u00f3\u00f0ir fylgdu \u00ed kj\u00f6lfari\u00f0. Seinna komu svo st\u00f3ru \u00fej\u00f3\u00f0irnar. Forysta \u00cdslands skipti sk\u00f6pum, enda muna og var\u00f0veita Eystrasalts\u00fej\u00f3\u00f0irnar vel \u00feetta frumkv\u00e6\u00f0i. Hver skyldi svo hafa haft forystu \u00ed \u00feessu m\u00e1li ? Hver skyldi hafa unni\u00f0 allan undirb\u00faninginn b\u00e6\u00f0i h\u00e9r heima sem og \u00e1 erlendum vettvangi ? Hver skyldi hafa leitt \u00fea\u00f0 til lykta og fari\u00f0 til Viln\u00edus me\u00f0an skri\u00f0drekar Sov\u00e9tr\u00edkjanna voru \u00fear \u00e1 vettvangi ? Eystrasalts\u00fej\u00f3\u00f0irnar vita \u00feetta. \u00cdslenska R\u00edkis\u00fatvarpi\u00f0 vir\u00f0ist \u00fe\u00f3 ekki renna grun \u00ed \u00fea\u00f0. \u00deegar sagt var fr\u00e1 30 \u00e1ra afm\u00e6linu \u00ed R\u00daV, s\u00e1st Gu\u00f0laugur \u00de\u00f3r taka vi\u00f0 bl\u00f3mvendi. \u00dea\u00f0 var ekki einu sinni greint fr\u00e1 \u00fev\u00ed hver var utanr\u00edkisr\u00e1\u00f0herra \u00cdslands \u00e1 \u00feessum \u00e1rum. \u00dea\u00f0 hef\u00f0i \u00fe\u00f3 veri\u00f0 uppl\u00fdsandi fyrir yngra f\u00f3lki\u00f0, sem ekki man \u00feessa t\u00edma. En \u00fea\u00f0 vir\u00f0ist ekki vera \u00ed verkahring R\u00daV a\u00f0 segja r\u00e9tt fr\u00e1 e\u00f0a uppl\u00fdsa. \u00d3kunnur ma\u00f0ur sag\u00f0i eitt sinn, a\u00f0 sj\u00f3nvarpi\u00f0 v\u00e6ri st\u00e6rsta einstaka s\u00e1ri\u00f0, sem ma\u00f0urinn hef\u00f0i valdi\u00f0 sj\u00e1lfum s\u00e9r, s\u00ed\u00f0an p\u00fa\u00f0ri\u00f0 var fundi\u00f0 upp!&nbsp; Skyldi vera f\u00f3tur fyrir \u00fev\u00ed ? J\u00f3n Baldvin er or\u00f0inn persona non grata og \u00feau&nbsp; miklu \u00fearfaverk, sem hann vann fyrir \u00fej\u00f3\u00f0ina, skulu liggja \u00ed \u00feagnargildi. <strong>En \u00fe\u00f6gn er f\u00f6lsun, \u00e1g\u00e6ti \u00fatvarpsstj\u00f3ri !<\/strong><\/p>\n\n\n\n<p><strong>R\u00daV var\u00f0 f\u00f3taskortur.<\/strong><\/p>\n\n\n\n<p>J\u00fa \u2013 J\u00f3n Baldvin \u00e1 \u00ed m\u00e1laferlum vi\u00f0 fr\u00e9ttamann R\u00daV, og telur hann hafa v\u00edsvitandi misbeitt st\u00f6\u00f0u sinni og stu\u00f0st einhli\u00f0a vi\u00f0 heimildir, sem hann m\u00e1tti a.m.k. gruna, a\u00f0 v\u00e6ru varhugaver\u00f0ar. \u00dea\u00f0 m\u00e1l ver\u00f0ur \u00fatklj\u00e1\u00f0 fyrir d\u00f3mi. J\u00f3n Baldvin hefur or\u00f0i\u00f0 fyrir meiri ford\u00e6mingu og \u00fatsk\u00fafun en nokkur annar lifandi \u00cdslendingur. Hann hefur \u00fe\u00f3 ekki fengi\u00f0 \u00e1 sig neinn d\u00f3m fyrir \u00f3si\u00f0semi e\u00f0a vans\u00e6mandi&nbsp; verkna\u00f0, sem hann er \u00e1saka\u00f0ur um, og ekki liggja, m\u00e9r vitanlega, neinar \u00f3afgreiddar k\u00e6rur fyrir d\u00f3mst\u00f3lum \u00feara\u00f0 l\u00fatandi. \u00c9g \u00e6tla m\u00e9r ekki \u00fe\u00e1 dul a\u00f0 kve\u00f0a upp\u00far um sekt e\u00f0a sakleysi, allra s\u00edst \u00ed si\u00f0fer\u00f0islegum m\u00e1lum. \u00dear ver\u00f0ur a\u00f0 treysta r\u00e9ttarr\u00edkinu. En a\u00f0 g\u00f6tud\u00e6ma \u00e1 grundvelli einhli\u00f0a \u00e1sakana, eins og Trump vildi, vegna eigin \u00e1sakana um \u00f3s\u00f6nnu\u00f0 kosningasvind, er lei\u00f0 \u00fat\u00far r\u00e9ttarr\u00edkinu, \u00fat \u00ed \u00f3vissu r\u00e9ttleysisins. Er mitt k\u00e6ra R\u00edkis\u00fatvarp lent \u00fear ? Er ekki lengur h\u00e6gt a\u00f0 treysta fr\u00e9ttaflutningi R\u00daV ? Sty\u00f0st R\u00daV vi\u00f0 s\u00f6gusagnir og s\u00e6rt eg\u00f3 fr\u00e9ttamanns ? Ver\u00f0ur framvegis a\u00f0 taka fr\u00e9ttaflutning \u00feess me\u00f0 fyrirvara ?&nbsp; J\u00e1, n\u00fa breg\u00f0ast krosstr\u00e9 sem \u00f6nnur tr\u00e9.<\/p>\n","protected":false},"excerpt":{"rendered":"<p>\u00c9g var\u00f0 undrandi og eil\u00edti\u00f0 skelka\u00f0ur, \u00feegar \u00e9g hlusta\u00f0i og horf\u00f0i&nbsp; \u00e1 fr\u00e9ttir R\u00daV af 30 \u00e1ra afm\u00e6li vi\u00f0urkenningar \u00cdslands \u00e1 sj\u00e1lfst\u00e6\u00f0i Lith\u00e1ens. \u00dear vanta\u00f0i eitthva\u00f0 \u00ed fr\u00e9ttina.Ger\u00f0ist \u00feetta af sj\u00e1lfu s\u00e9r ? Var \u00feetta ekki \u00ed fyrsta sinn sem \u00cdsland ger\u00f0i sig gildandi og t\u00f3k afst\u00f6\u00f0u \u00ed m\u00e1li sem var al\u00fej\u00f3\u00f0legt, ofur eldfimt en &hellip; <a href=\"https:\/\/jbh.is\/?p=3039\" class=\"more-link\">Continue reading<span class=\"screen-reader-text\"> &#8220;\u00der\u00f6stur \u00d3lafsson: Opi\u00f0 br\u00e9f til \u00fatvarpsstj\u00f3ra&#8221;<\/span><\/a><\/p>\n","protected":false},"author":2,"featured_media":0,"comment_status":"closed","ping_status":"closed","sticky":false,"template":"","format":"standard","meta":{"_monsterinsights_skip_tracking":false,"_monsterinsights_sitenote_active":false,"_monsterinsights_sitenote_note":"","_monsterinsights_sitenote_category":0,"footnotes":""},"categories":[1,9],"tags":[],"class_list":["post-3039","post","type-post","status-publish","format-standard","hentry","category-allar_greinar","category-greinar_og_vidtol"],"_links":{"self":[{"href":"https:\/\/jbh.is\/index.php?rest_route=\/wp\/v2\/posts\/3039","targetHints":{"allow":["GET"]}}],"collection":[{"href":"https:\/\/jbh.is\/index.php?rest_route=\/wp\/v2\/posts"}],"about":[{"href":"https:\/\/jbh.is\/index.php?rest_route=\/wp\/v2\/types\/post"}],"author":[{"embeddable":true,"href":"https:\/\/jbh.is\/index.php?rest_route=\/wp\/v2\/users\/2"}],"replies":[{"embeddable":true,"href":"https:\/\/jbh.is\/index.php?rest_route=%2Fwp%2Fv2%2Fcomments&post=3039"}],"version-history":[{"count":2,"href":"https:\/\/jbh.is\/index.php?rest_route=\/wp\/v2\/posts\/3039\/revisions"}],"predecessor-version":[{"id":3041,"href":"https:\/\/jbh.is\/index.php?rest_route=\/wp\/v2\/posts\/3039\/revisions\/3041"}],"wp:attachment":[{"href":"https:\/\/jbh.is\/index.php?rest_route=%2Fwp%2Fv2%2Fmedia&parent=3039"}],"wp:term":[{"taxonomy":"category","embeddable":true,"href":"https:\/\/jbh.is\/index.php?rest_route=%2Fwp%2Fv2%2Fcategories&post=3039"},{"taxonomy":"post_tag","embeddable":true,"href":"https:\/\/jbh.is\/index.php?rest_route=%2Fwp%2Fv2%2Ftags&post=3039"}],"curies":[{"name":"wp","href":"https:\/\/api.w.org\/{rel}","templated":true}]}}