{"id":3179,"date":"2022-09-22T15:10:53","date_gmt":"2022-09-22T15:10:53","guid":{"rendered":"https:\/\/jbh.is\/?p=3179"},"modified":"2022-09-22T15:11:44","modified_gmt":"2022-09-22T15:11:44","slug":"minning-hrafn-jokulsson","status":"publish","type":"post","link":"https:\/\/jbh.is\/?p=3179","title":{"rendered":"Minning: HRAFN J\u00d6KULSSON"},"content":{"rendered":"<p>Hrafn J\u00f6kulsson er n\u00fa kominn a\u00f0 lei\u00f0arlokum: \u201e\u00dear sem vegurinn endar\u201c.<\/p>\n<p>Eftir stormasamt l\u00edf, \u00fear sem skiptust \u00e1 skin og sk\u00farir, gat hann kvatt s\u00edna samfer\u00f0armenn me\u00f0 brosi \u00e1 v\u00f6r. Hann hefur svo sannarlega goldi\u00f0 f\u00f3sturlaunin fullu ver\u00f0i. Hann hefur skili\u00f0 eftir sig listaverk, sem mun halda nafni hans \u00e1 loft um \u00f3komna t\u00ed\u00f0.<\/p>\n<p>\u201e\u00dear sem vegurinn endar\u201c, l\u00edfssaga Hrafns (2007) er ein af perlum \u00edslenskra b\u00f3kmennta. H\u00fan er l\u00edfssaga g\u00e1fnalj\u00f3ss, sem rekur sig snemma \u00e1 har\u00f0neskju heimsins. H\u00fan er \u00cdslandssagan \u00ed hnotskurn. H\u00fan er bygg\u00f0asaga okkar Strandamanna,  \u00fear sem segir fr\u00e1 \u00f3v\u00e6ginni l\u00edfsbar\u00e1ttu  vi\u00f0 \u00f3bl\u00ed\u00f0 n\u00e1tt\u00faru\u00f6fl, sem gefa engin gri\u00f0. \u00dear sem f\u00f3lk gefst ekki upp fyrr en \u00ed fulla hnefana.<\/p>\n\n\n<!--more Lesa meira-->\n\n\n<p>En \u00f6ll er \u00feessi saga s\u00f6g\u00f0 me\u00f0 n\u00e6mu inns\u00e6i listamanns. K\u00edmnin \u00ed augum h\u00f6fundar leynir s\u00e9r ekki \u00ed eftirminnilegum pers\u00f3nul\u00fdsingum, sem ver\u00f0a til \u00ed \u00feessu umhverfi. L\u00edfi\u00f0 er kr\u00f6fuhart. En l\u00edka gj\u00f6fult \u00feeim, sem ekki guggna.<br>\nOg \u00feannig var Hrafn sj\u00e1lfur. Vi\u00f0kv\u00e6mur \u2013 j\u00e1, vissulega. N\u00e6mur \u00e1 umhverfi\u00f0 og \u00f6rl\u00e1tur vi\u00f0 \u00fe\u00e1, sem voru hj\u00e1lpar \u00feurfi. En samt har\u00f0ur nagli innst inni vi\u00f0 sj\u00e1lfan sig. Hann gafst ekki upp.<\/p>\n<p>Vi\u00f0 Hrafn deilum \u00feeirri f\u00e1g\u00e6tu upphef\u00f0 a\u00f0 hafa veri\u00f0 ritstj\u00f3rar Al\u00fe\u00fd\u00f0ubla\u00f0sins. \u00dea\u00f0 bla\u00f0 var vissulega einhver f\u00e1s\u00e9nasti fj\u00f6lmi\u00f0ill heimsins, en \u00e1 k\u00f6flum enhver s\u00e1 best skrifa\u00f0i.<\/p>\n<p>S\u00fa var t\u00ed\u00f0, a\u00f0 Hrafn var str\u00ed\u00f0sfr\u00e9ttaritari Al\u00fe\u00fd\u00f0ubla\u00f0sins \u00ed borgarastyrj\u00f6ldinni \u00e1 Balkanskaga, \u00fear sem Serbar, Kr\u00f3atar og Bosn\u00edum\u00faslimar b\u00e1rust \u00e1 banaspj\u00f3t. Sagan af \u00fev\u00ed, hvernig Hrafn stefndi sj\u00e1lfum s\u00e9r og \u00f6\u00f0rum \u00ed br\u00e1\u00f0an l\u00edfsh\u00e1ska vi\u00f0 fl\u00f3ttann fr\u00e1 Sarajevo, me\u00f0 \u00fev\u00ed a\u00f0 hafa lofa\u00f0 vini s\u00ednum, Boyan a\u00f0 koma \u00e1starbr\u00e9fum hans til \u00d6zry \u2013 unnustu hans \u2013  yfir v\u00edgl\u00ednuna,  er l\u00edtil perla.<\/p>\n<p>\u00de\u00f3tt \u00e1starbr\u00e9fin v\u00e6ru opnu\u00f0 me\u00f0 byssustingjum, sluppu \u00feeir f\u00e9lagar me\u00f0 skrekkinn. Sagan er \u00f3\u00f0ur til \u00e1starinnar \u00e1 t\u00edmum l\u00edfsh\u00e1skans (sj\u00e1: \u00dear sem vegurinn endar, bls. 83-91).<\/p>\n<p>A\u00f0 lei\u00f0arlokum flytjum vi\u00f0 Brynd\u00eds fj\u00f6lskyldu Hrafns og vinum einl\u00e6gar sam\u00fa\u00f0arkve\u00f0jur.<\/p>\n<p>J\u00f3n Baldvin og Brynd\u00eds<\/p>","protected":false},"excerpt":{"rendered":"<p>Hrafn J\u00f6kulsson er n\u00fa kominn a\u00f0 lei\u00f0arlokum: \u201e\u00dear sem vegurinn endar\u201c. Eftir stormasamt l\u00edf, \u00fear sem skiptust \u00e1 skin og sk\u00farir, gat hann kvatt s\u00edna samfer\u00f0armenn me\u00f0 brosi \u00e1 v\u00f6r. Hann hefur svo sannarlega goldi\u00f0 f\u00f3sturlaunin fullu ver\u00f0i. Hann hefur skili\u00f0 eftir sig listaverk, sem mun halda nafni hans \u00e1 loft um \u00f3komna t\u00ed\u00f0. \u201e\u00dear &hellip; <a href=\"https:\/\/jbh.is\/?p=3179\" class=\"more-link\">Continue reading<span class=\"screen-reader-text\"> &#8220;Minning: HRAFN J\u00d6KULSSON&#8221;<\/span><\/a><\/p>\n","protected":false},"author":3,"featured_media":0,"comment_status":"closed","ping_status":"closed","sticky":false,"template":"","format":"standard","meta":{"_monsterinsights_skip_tracking":false,"_monsterinsights_sitenote_active":false,"_monsterinsights_sitenote_note":"","_monsterinsights_sitenote_category":0,"footnotes":""},"categories":[1,5],"tags":[],"class_list":["post-3179","post","type-post","status-publish","format-standard","hentry","category-allar_greinar","category-minningagreinar"],"_links":{"self":[{"href":"https:\/\/jbh.is\/index.php?rest_route=\/wp\/v2\/posts\/3179","targetHints":{"allow":["GET"]}}],"collection":[{"href":"https:\/\/jbh.is\/index.php?rest_route=\/wp\/v2\/posts"}],"about":[{"href":"https:\/\/jbh.is\/index.php?rest_route=\/wp\/v2\/types\/post"}],"author":[{"embeddable":true,"href":"https:\/\/jbh.is\/index.php?rest_route=\/wp\/v2\/users\/3"}],"replies":[{"embeddable":true,"href":"https:\/\/jbh.is\/index.php?rest_route=%2Fwp%2Fv2%2Fcomments&post=3179"}],"version-history":[{"count":2,"href":"https:\/\/jbh.is\/index.php?rest_route=\/wp\/v2\/posts\/3179\/revisions"}],"predecessor-version":[{"id":3181,"href":"https:\/\/jbh.is\/index.php?rest_route=\/wp\/v2\/posts\/3179\/revisions\/3181"}],"wp:attachment":[{"href":"https:\/\/jbh.is\/index.php?rest_route=%2Fwp%2Fv2%2Fmedia&parent=3179"}],"wp:term":[{"taxonomy":"category","embeddable":true,"href":"https:\/\/jbh.is\/index.php?rest_route=%2Fwp%2Fv2%2Fcategories&post=3179"},{"taxonomy":"post_tag","embeddable":true,"href":"https:\/\/jbh.is\/index.php?rest_route=%2Fwp%2Fv2%2Ftags&post=3179"}],"curies":[{"name":"wp","href":"https:\/\/api.w.org\/{rel}","templated":true}]}}