{"id":3197,"date":"2022-10-23T08:12:34","date_gmt":"2022-10-23T08:12:34","guid":{"rendered":"https:\/\/jbh.is\/?p=3197"},"modified":"2022-10-23T08:29:57","modified_gmt":"2022-10-23T08:29:57","slug":"soguburdur-ii","status":"publish","type":"post","link":"https:\/\/jbh.is\/?p=3197","title":{"rendered":"S\u00d6GUBUR\u00d0UR II"},"content":{"rendered":"\n<p>\u00dea\u00f0 sem h\u00e9r fer \u00e1 eftir er upptalning \u00e1 k\u00e6rum\u00e1lum Ald\u00edsar og \u201egr\u00fappunnar\u201c \u00ed kringum hana, sem v\u00edsa\u00f0 var til l\u00f6greglu 2013 og \u00e1fr\u00fdja\u00f0 til saks\u00f3knara, sem \u00ed b\u00e1\u00f0um tilvikum v\u00edsu\u00f0u \u00feeim fr\u00e1 \u00fear sem ekki hef\u00f0i veri\u00f0 f\u00e6r\u00f0ar s\u00f6nnur \u00e1 refsiver\u00f0a h\u00e1ttsemi.<\/p>\n\n\n\n<ol class=\"wp-block-list\"><li><strong>Ald\u00eds Baldvinsd\u00f3ttir<\/strong><\/li><\/ol>\n\n\n\n<p>\u00c1k\u00e6ran var um kynfer\u00f0islega misnotkun \u00e1 d\u00e6trum m\u00ednum \u00ed \u00e6sku og sifjaspell me\u00f0 elstu d\u00f3ttur minni, \u00feegar h\u00fan var vistu\u00f0 \u00e1 ge\u00f0deild. Einsog fyrr sag\u00f0i voru \u00feessar sakargiftir d\u00e6mdar \u201e<strong>dau\u00f0ar og \u00f3merkar<\/strong>\u201c og <strong>tilh\u00e6fulausar<\/strong> me\u00f0 H\u00e9ra\u00f0sd\u00f3mi 12.mars 2021. Ald\u00eds treysti s\u00e9r ekki til a\u00f0 \u00e1fr\u00fdja d\u00f3mnum. Sama m\u00e1li gegnir um a\u00f0ra \u00f3fr\u00e6gingar\u00f3ra \u00ed hennar s\u00f6gusafni: Kennslu \u00ed sj\u00e1lfsfr\u00f3un, s\u00fdningu \u00e1 kynf\u00e6rum, m\u00f6k vi\u00f0 tengdam\u00f3\u00f0ur o.s.frv. Allt er \u00feetta a\u00f0 sj\u00e1lfs\u00f6g\u00f0u t\u00f3mt bull, v\u00e6ntanlega sett fram \u00ed man\u00edu.<\/p>\n\n\n\n<!--more Lesa meira-->\n\n\n\n<p>2. <strong>Hagask\u00f3li<\/strong><\/p>\n\n\n\n<p>Sakarefni\u00f0 er, a\u00f0 undir yfirskyni a\u00f0sto\u00f0ar vi\u00f0 heiman\u00e1m, hafi \u00e9g sem kennari l\u00e1ti\u00f0 st\u00falku sitja eftir og heg\u00f0a\u00f0 m\u00e9r einsog h\u00e1lfviti. \u00dev\u00ed er haldi\u00f0 fram a\u00f0 flestir \u00ed vi\u00f0komandi bekk hafi vita\u00f0 af \u00feessu. \u00dea\u00f0 er hafi\u00f0 yfir allan vafa, a\u00f0 \u00fe\u00e1 hef\u00f0i \u00feetta fari\u00f0 einsog eldur \u00ed sinu um allan sk\u00f3lann. Svo vel \u00feekkti \u00e9g \u00c1rna \u00de\u00f3r\u00f0arson sk\u00f3lastj\u00f3ra, stj\u00f3rnsemi hans og vammleysi, a\u00f0 \u00e9g veit fyrir v\u00edst a\u00f0 kennsluferill minn hef\u00f0i ekki veri\u00f0 lengri, ef til v\u00e6ri sannleikskorn \u00ed \u00feessari s\u00f6gu. \u00c9g v\u00edsa \u00feessu alfari\u00f0 \u00e1 bug. \u00dev\u00ed m\u00e1 b\u00e6ta vi\u00f0 a\u00f0 sama kona birtir eftirfarandi l\u00fdsingu \u00e1 Brynd\u00edsi \u00e1 f\u00e9sb\u00f3k MeToo:<\/p>\n\n\n\n<p>\u201e<em>H\u00fan er alveg einsog hann, gr\u00edpur um kinf\u00e6ri (sic) ungra manna \u00feegar h\u00fan er \u00e1 filler\u00edum\u201c<\/em>. \u00deessi kona er greinilega ekki ofhaldin, hvorki af s\u00f3makennd n\u00e9 sannleiks\u00e1st. H\u00fan d\u00e6mir sig sj\u00e1lf sem \u00f3tr\u00faver\u00f0uga.<\/p>\n\n\n\n<p>3. <strong>Margr\u00e9t Schram<\/strong><\/p>\n\n\n\n<p>Saga hennar er br\u00e1\u00f0um 60 \u00e1ra g\u00f6mul. H\u00fan kom \u00ed heims\u00f3kn til m\u00edn \u00e1 n\u00e1ms\u00e1runum \u00ed Edinborg \u00e1ri\u00f0 1963, \u00feegar h\u00fan haf\u00f0i gengi\u00f0 \u00far skugga um a\u00f0 Brynd\u00eds v\u00e6ri ekki vi\u00f0st\u00f6dd. H\u00fan er sj\u00e1lf stj\u00f6rnuvitni\u00f0 \u00ed m\u00e1linu. \u00deegar Ald\u00eds f\u00f3r a\u00f0 brei\u00f0a \u00fat s\u00f6gur um a\u00f0 Margr\u00e9t h\u00e9ldi vi\u00f0 f\u00f6\u00f0ur sinn og \u00fea\u00f0 barst Margr\u00e9ti til eyrna, br\u00e1st h\u00fan vi\u00f0 me\u00f0 \u00fev\u00ed a\u00f0 h\u00f3ta Ald\u00edsi l\u00f6gs\u00f3kn. \u00dea\u00f0 dug\u00f0i \u00fe\u00e1. En tv\u00edsaga vitni \u00feykja ekki tr\u00faver\u00f0ug \u00ed r\u00e9ttarsal.<\/p>\n\n\n\n<p>4. <strong>El\u00edsabet \u00deorgeirsd\u00f3ttir, nemandi \u00ed M\u00cd<\/strong><\/p>\n\n\n\n<p>H\u00fan var ein af m\u00ednum eftirl\u00e6tisnemendum, virk \u00e1 m\u00e1lfundum og \u00ed leiklistarl\u00edfinu me\u00f0 Brynd\u00edsi. Henni var\u00f0 \u00fea\u00f0 \u00e1 a\u00f0 ver\u00f0a svol\u00edti\u00f0 skotin \u00ed kennaranum s\u00ednum. \u00dea\u00f0 er ekki einsd\u00e6mi, en hefur hinga\u00f0 til ekki \u00fe\u00f3tt refsiver\u00f0 h\u00e1ttsemi.<\/p>\n\n\n\n<p>5. <strong>Dimmisj\u00f3n vi\u00f0 M\u00cd 1979<\/strong><\/p>\n\n\n\n<p>Sakarefni\u00f0 \u00e1tti a\u00f0 vera a\u00f0 sk\u00f3lameistari hef\u00f0i veri\u00f0 nakinn \u00ed sundlauginni \u00ed Bolungarv\u00edk a\u00f0 eltast vi\u00f0 n\u00e1msmeyjar me\u00f0 \u00f3s\u00e6milegum h\u00e6tti. \u00cd s\u00edmt\u00f6lum vi\u00f0 gamla nemendur og kennara var \u00feetta sagt fr\u00e1leitt, \u00fe\u00f3tt enginn \u00feyr\u00f0i a\u00f0 sta\u00f0festa \u00fea\u00f0 opinberlega af \u00f3tta vi\u00f0 refsiv\u00f6nd MeToo. Loks kom a\u00f0 \u00fev\u00ed a\u00f0 einn nemandi uppl\u00fdsti a\u00f0 sk\u00f3lameistari v\u00e6ri \u00fearna haf\u00f0ur fyrir rangri s\u00f6k. \u00dea\u00f0 hef\u00f0i veri\u00f0 kvarta\u00f0 undan framg\u00f6ngu ungs stundarkennara vi\u00f0 sk\u00f3lann. S\u00f6gur af heg\u00f0un hans hef\u00f0u s\u00ed\u00f0ar veri\u00f0 yfirf\u00e6r\u00f0ur \u00e1 sk\u00f3lameistarann. \u00deessi s\u00f6gubur\u00f0ur hef\u00f0i hvorki sta\u00f0ist ranns\u00f3kn n\u00e9 vitnalei\u00f0slur. \u2013 \u00cd br\u00e9finu segir: \u201e<em>Hins vegar finnst m\u00e9r vont a\u00f0 sj\u00e1, \u00e1ratugum seinna, \u00feegar \u00feessir atbur\u00f0ir eru rifja\u00f0ir upp \u00ed bl\u00f6\u00f0um \u2013 og \u00fe\u00e1 \u00ed tengslum vi\u00f0 \u00e1sakanir Ald\u00edsar \u00ed gar\u00f0 f\u00f6\u00f0ur s\u00edns \u2013 a\u00f0 heg\u00f0un \u00feessa unga manns skyldi vera yfirf\u00e6r\u00f0 \u00e1 J\u00f3n Baldvin.<\/em>\u201c<\/p>\n\n\n\n<p>6. <strong>Lygisaga fr\u00e1 London<\/strong><\/p>\n\n\n\n<p>Upphaflega var s\u00f6guberinn nafnlaus en Mbl.is f\u00e9kk hana til a\u00f0 \u201est\u00edga fram\u201c. H\u00fan t\u00f3k \u00fea\u00f0 fram a\u00f0 \u00fea\u00f0 v\u00e6ri opinbert leyndarm\u00e1l sitt a\u00f0 h\u00fan \u201ehata\u00f0i\u201c J\u00f3n Baldvin og Brynd\u00edsi. H\u00fan bj\u00f3 til skr\u00f6ks\u00f6gu um \u00f3s\u00e6milega heg\u00f0un JBH \u00ed h\u00e1degisver\u00f0arbo\u00f0i \u00edslenska sendiherrans \u00ed London \u00fear sem Brynd\u00eds var l\u00edka vi\u00f0st\u00f6dd og \u00e1tti a\u00f0 hafa bori\u00f0 blak af ruddanum. Sagan var hreinn tilb\u00faningur. Helber lygi. Brynd\u00eds svara\u00f0i henni \u00ed stuttri grein \u00ed Mbl. \u00dea\u00f0 dug\u00f0i. S\u00ed\u00f0an ekki s\u00f6guna meir.<\/p>\n\n\n\n<p>7. <strong>R\u00f3gbur\u00f0ur \u00ed r\u00e1\u00f0herrab\u00fasta\u00f0<\/strong><\/p>\n\n\n\n<p>Sagan segir fr\u00e1 sau\u00f0drukknum d\u00f3na sem kvartar undan kvenmannsleysi og \u00e1reitir st\u00falku \u00ed \u00fej\u00f3nustuli\u00f0inu sem \u00e1 a\u00f0 hafa veri\u00f0 undir l\u00f6galdri. Loks hafi sj\u00e1lfur veisluh\u00f6ldurinn gripi\u00f0 \u00ed taumana og v\u00edsa\u00f0 d\u00f3lgnum \u00e1 dyr. A\u00f0spur\u00f0ur gaf veisluh\u00f6ldur r\u00edkisins \u00ed R\u00e1\u00f0herrab\u00fasta\u00f0 eftirfarandi yfirl\u00fdsingu: (1) J\u00f3n Baldvin var aldrei gestur \u00ed R\u00e1\u00f0herrab\u00fasta\u00f0 \u00e1 umr\u00e6ddu \u00e1ri og \u00fear af lei\u00f0andi aldrei v\u00edsa\u00f0 \u00fea\u00f0an \u00fat (2) Enginn starfsmanna minna kannast vi\u00f0 umr\u00e6dda fr\u00e1s\u00f6gn (3) enginn \u00ed starfsli\u00f0i m\u00ednu var undir l\u00f6galdri \u2013 \u201eSagan \u00fev\u00ed vir\u00f0ist \u00fev\u00ed vera uppspuni fr\u00e1 r\u00f3tum\u201c \u2013 <strong>El\u00edas Einarsson<\/strong> (sign).<\/p>\n\n\n\n<p>8. <strong>Vinkonan tv\u00edsaga<\/strong><\/p>\n\n\n\n<p>Sagan er l\u00f6g\u00f0 \u00ed munn \u00e6skuvinkonu Ald\u00edsar fr\u00e1 \u00cdsafjar\u00f0ar\u00e1runum, ein af m\u00f6rgum \u00ed s\u00f6gusafni hennar. Vi\u00f0 hana er \u00fea\u00f0 a\u00f0 athuga a\u00f0 vinkonan dr\u00f3 hana tilbaka fyrir m\u00f6rgum \u00e1rum, sem leiddi til vinslita \u00feeirra. Yfirl\u00fdsing hennar var svohlj\u00f3\u00f0andi: \u201e\u00c9g hef aldrei or\u00f0i\u00f0 fyrir kynfer\u00f0isofbeldi af h\u00e1lfu J\u00f3ns Baldvins og hann hefur aldrei k\u00e1fa\u00f0 \u00e1 m\u00e9r\u201c.<\/p>\n\n\n\n<p>9. <strong>Gu\u00f0r\u00fanar saga Har\u00f0ard\u00f3ttur<\/strong><\/p>\n\n\n\n<p>\u00c1ri\u00f0 2005 k\u00e6r\u00f0i Gu\u00f0r\u00fan JBH til l\u00f6greglu fyrir meinta kynfer\u00f0islega \u00e1reitni. \u00deegar \u00feeirri k\u00e6ru var v\u00edsa\u00f0 fr\u00e1 k\u00e6r\u00f0i h\u00fan til saks\u00f3knara, \u00ed \u00fea\u00f0 skipti\u00f0 \u00ed \u00fea\u00f0 skipti\u00f0 fyrir s\u00e6r\u00f0a blyg\u00f0unarkennd. S\u00fa k\u00e6ra var ranns\u00f6ku\u00f0, m.a. me\u00f0 yfirheyrslum og vitnalei\u00f0slum. B\u00e1\u00f0um vars v\u00edsa\u00f0 fr\u00e1, \u00fear sem ekki \u00fe\u00f3tti tilefni til sakfellingar. \u00der\u00e1tt fyrir \u00f3tv\u00edr\u00e6\u00f0a ni\u00f0urst\u00f6\u00f0u er samt l\u00e1ti\u00f0 einsog hinn \u00e1k\u00e6r\u00f0i s\u00e9 v\u00edst sekur, af \u00fev\u00ed a\u00f0 hann var sag\u00f0ur svo valdamikill, a\u00f0 hann g\u00e6ti l\u00e1ti\u00f0 r\u00e9ttarkerfi\u00f0 d\u00e6ma s\u00e9r \u00ed vil. \u00dea\u00f0 er bara bull. Ni\u00f0ursta\u00f0an stendur \u00f3h\u00f6ggu\u00f0. (Sj\u00e1: \u201eA\u00f0 gera hreint fyrir s\u00ednum dyrum\u201c, www.jbh.is)<\/p>\n\n\n\n<p>10. <strong>Svefnpoki \u00ed \u00fatilegu<\/strong><\/p>\n\n\n\n<p>Brynd\u00eds \u00e6tla\u00f0i a\u00f0 gefa fr\u00e6nku sinni svefnpoka \u00ed \u00fatilegu. Hringdi \u00ed mig og ba\u00f0 mig a\u00f0 taka m\u00e1l af stelpunni. \u00dear sem \u00e9g var heima vinnandi. \u00c9g hl\u00fdddi. Ekki hvarfla\u00f0i a\u00f0 m\u00e9r a\u00f0 \u00feessu yr\u00f0i \u00e1ratug s\u00ed\u00f0ar sn\u00fai\u00f0 upp \u00ed kynfer\u00f0islega \u00e1reitni! St\u00falkan segir: \u201eHann kom ekki vi\u00f0 mig \u00e1 \u00f3vi\u00f0eigandi st\u00f6\u00f0um, en \u00e9g man a\u00f0 m\u00e9r lei\u00f0 illa\u201c.<\/p>\n\n\n\n<p>11. <strong>Fjarri g\u00f3\u00f0u gamni<\/strong><\/p>\n\n\n\n<p>Sagan l\u00fdsir grillveislu \u00ed sumarb\u00fasta\u00f0 foreldra Brynd\u00edsar \u00ed Mosfellssveit, \u201evegna n\u00fdrrar sundlaugar vi\u00f0 b\u00fasta\u00f0inn\u201c og \u00e1 a\u00f0 hafa gerst sumari\u00f0 1982. St\u00falkan kvarta\u00f0i undan busli \u00ed lauginni. Skv. heimildum \u00feeirra sem gerst mega vita, var sundlaugin teki\u00f0 \u00ed notkun \u00e1 fyrri hluta \u00e1ttunda \u00e1ratugarins. \u00c1 \u00feeim t\u00edma vorum vi\u00f0 Brynd\u00eds b\u00fasett \u00e1 \u00cdsafir\u00f0i og hvergi n\u00e6rri. \u00d3tal vitni sta\u00f0festa a\u00f0 hvorugt okkar Brynd\u00edsar s\u00f3tti \u00feessa grillveislu.<\/p>\n\n\n\n<p>12. <strong>Fer\u00f0in sem aldrei var farin<\/strong><\/p>\n\n\n\n<p>Sagan er s\u00f6g\u00f0 gerast \u00ed fer\u00f0 Al\u00fe\u00fd\u00f0uflokksins \u00e1ri\u00f0 1998 \u201eseinasta \u00e1ri\u00f0 hans sem forma\u00f0ur Al\u00fe\u00fd\u00f0uflokksins\u201c. Vi\u00f0 \u00feetta er tvennt a\u00f0 athuga: \u00c9g l\u00e9t af formennsku \u00ed Al\u00fe\u00fd\u00f0uflokknum \u00e1ri\u00f0 1996 og var b\u00fasettur \u00ed Bandar\u00edkjunum fr\u00e1 upphafi \u00e1rs 1998. Seinasti kosningastj\u00f3ri minn (sem er sag\u00f0ur koma \u00fearna vi\u00f0 s\u00f6gu) h\u00e6tti eftir kosningarnar 1995. Sagan er me\u00f0 \u00f6\u00f0rum or\u00f0um <strong>hreinn tilb\u00faningur<\/strong>.<\/p>\n\n\n\n<p>13. <strong>Fullkomin fjarvistars\u00f6nnun<\/strong><\/p>\n\n\n\n<p>Fr\u00e1s\u00f6gnin ber me\u00f0 s\u00e9r, a\u00f0 sagan \u00e1 a\u00f0 gerast \u00e1 sk\u00f3la\u00e1rinu 1976\/1977 vi\u00f0 Menntask\u00f3lann \u00e1 \u00cdsafir\u00f0i. Sk\u00f3lameistari \u00e1 a\u00f0 hafa bo\u00f0i\u00f0 st\u00falku inn \u00e1 skrifstofu s\u00edna. Vi\u00f0 \u00feetta er \u00fea\u00f0 a\u00f0 athuga, a\u00f0 \u00e1 \u00feessu sk\u00f3la\u00e1ri var JBH Fulbright-styrk\u00feegi vi\u00f0 Harvard h\u00e1sk\u00f3la \u00ed Boston, Massachusets. \u00dea\u00f0 ver\u00f0ur \u00fev\u00ed a\u00f0 finna annan s\u00f6kud\u00f3lg \u00ed \u00feetta skipti\u00f0.<\/p>\n\n\n\n<p>14. <strong>Heilaspuni um h\u00e1bjartan dag<\/strong><\/p>\n\n\n\n<p>Sagan er um heims\u00f3kn okkar hj\u00f3na \u00ed gar\u00f0yrkjust\u00f6\u00f0 um h\u00e1bjartan dag. \u00c9g \u00e1 a\u00f0 hafa h\u00e6\u00f0st a\u00f0 \u00fatliti afgrei\u00f0slukonunnar og Brynd\u00eds hlegi\u00f0 h\u00e6\u00f0nishl\u00e1tri a\u00f0 d\u00f3naskap m\u00ednum. R\u00f3gbur\u00f0ur af \u00feessu tagi er ekki svaraver\u00f0ur og s\u00f6guberanum til h\u00e1borinnar skammar. Hver s\u00e1 sem \u00feekkir eitthva\u00f0 til m\u00edn veit a\u00f0 \u00e9g fer ekki ni\u00f0randi or\u00f0um um \u00fatlit kvenna. Og enginn sem \u00feekkir Brynd\u00edsi tr\u00fair \u00fev\u00ed a\u00f0 h\u00fan hl\u00e6ji h\u00e6\u00f0nishl\u00e1tri a\u00f0 sl\u00edkum d\u00f3naskap.<\/p>\n\n\n\n<p>15. <strong>R\u00e1nd\u00fdr skv. forskrift Ingibjargar S\u00f3lr\u00fanar?<\/strong><\/p>\n\n\n\n<p>\u00dearna segir fr\u00e1 heims\u00f3kn okkar hj\u00f3na til kunningjaf\u00f3lks, foreldra st\u00falkunnar, en \u00feau eru ekki nafngreind. Fr\u00e1s\u00f6gnin breytist br\u00e1tt \u00ed l\u00fdsingu \u00e1 manni sem er, \u201eblindfullur, \u00fevoglum\u00e6ltur og illa lyktandi&#8230;&#8230; einsog hungra\u00f0ur \u00falfur me\u00f0 glott \u00e1 v\u00f6r\u201c. \u00dea\u00f0 sem bjargar st\u00falkunni fr\u00e1 br\u00e1\u00f0um vo\u00f0a er \u00fe\u00fdskur fj\u00e1rhundur, sem stuggar vi\u00f0 \u00falfinum \u00ed mannsmynd. Hva\u00f0 var\u00f0 af Brynd\u00edsi \u00ed \u00feessu fj\u00f6lskyldubo\u00f0i er l\u00e1ti\u00f0 \u00f3sagt.<\/p>\n\n\n\n<p>Sagan er hreinn vi\u00f0bj\u00f3\u00f0ur og ekki svaraver\u00f0 \u00ed sj\u00e1lfu s\u00e9r, en or\u00f0f\u00e6ri\u00f0 er hi\u00f0 sama og \u00ed <em>man\u00edus\u00f6gum Ald\u00edsar<\/em> fyrr og s\u00ed\u00f0ar. \u00dearna er a\u00f0 finna sta\u00f0la\u00f0a l\u00fdsingu \u00e1 manni, sem \u00e1 a\u00f0 vera blindfullur e\u00f0a fordrukkinn, \u00fevoglum\u00e6ltur, sveittur, illa lyktandi skr\u00edmsli me\u00f0 starandi augnar\u00e1\u00f0 og vekur \u00f3tta og andstygg\u00f0. \u00c1l\u00edka mannl\u00fdsingar er einnig a\u00f0 finna \u00ed <strong>kvikmyndahandriti <\/strong>Ald\u00edsar, sem h\u00fan leitar oft \u00ed smi\u00f0ju til. H\u00fan hefur a\u00f0 s\u00f6gn leita\u00f0 til nokkurra kvikmyndager\u00f0armanna um a\u00f0 sl\u00e1 \u00ed p\u00fakki\u00f0 \u2013 en hinga\u00f0 til \u00e1n \u00e1rangurs.<\/p>\n\n\n\n<p>16. <strong>Jazzt\u00f3nleikar \u00e1 Rosenberg<\/strong><\/p>\n\n\n\n<p>\u00dea\u00f0 voru t\u00f3nleikar \u00e1 Rosenberg, a\u00f0 s\u00f6gn \u00e1ri\u00f0 2009. S\u00f6guhetjan er svo viss um \u00f3m\u00f3tst\u00e6\u00f0ilegt a\u00f0dr\u00e1ttarafl sitt, a\u00f0 h\u00fan fullyr\u00f0ir a\u00f0 JBH hafi stara\u00f0 \u00e1 hana \u201eeins og r\u00e1nd\u00fdr allt kv\u00f6ldi\u00f0\u201c. \u2013 \u00dea\u00f0 ger\u00f0ist sums\u00e9 ekki neitt anna\u00f0 en a\u00f0 \u00fea\u00f0 voru jazzt\u00f3nleikar \u00e1 Rosenberg. \u00dea\u00f0 vir\u00f0ist alveg hafa fari\u00f0 framhj\u00e1 st\u00falkunni, sem gat ekki um anna\u00f0 hugsa\u00f0 en sj\u00e1lfa sig. \u00c9g ver\u00f0 \u00fev\u00ed mi\u00f0ur a\u00f0 hryggja vi\u00f0komandi me\u00f0 \u00fev\u00ed a\u00f0 \u00f3m\u00f3tst\u00e6\u00f0ileg fegur\u00f0 hennar hefur ekki reynst m\u00e9r vera minnist\u00e6\u00f0. \u00dea\u00f0 er vandlifa\u00f0. En or\u00f0alagi\u00f0 er kunnuglegt \u00far <strong>leiksmi\u00f0ju Ald\u00edsar<\/strong>.<\/p>\n\n\n\n<p>17. <strong>Rassstrokum\u00e1li\u00f0 \u00ed r\u00e9ttarsal<\/strong><\/p>\n\n\n\n<p>Loks er \u00fea\u00f0 veislan \u00e1 \u00feakinu \u00ed Salborena sumari\u00f0 16.j\u00fan\u00ed 2018. Undir yfirskyni vin\u00e1ttu koma m\u00e6\u00f0gur \u00ed heims\u00f3kn og \u00feiggja gistingu og g\u00f3\u00f0an beina. Allt fer fram fyrir opnum tj\u00f6ldum. Um morguninn erum vi\u00f0 Brynd\u00eds \u00e1 \u00fe\u00f6num vi\u00f0 matseld og undirb\u00faning bor\u00f0halds. \u00dea\u00f0 er skroppi\u00f0 \u00e1 \u00feorpskr\u00e1na til a\u00f0 fylgjast me\u00f0 vi\u00f0ureign \u00cdslands og Argent\u00ednu \u00e1 HM \u00e1 st\u00f3rum skj\u00e1. A\u00f0 leik loknum er sest a\u00f0 veislubor\u00f0i \u00e1 \u00feakinu. Brynd\u00eds er ekki fyrr b\u00fain a\u00f0 segja: \u201eGj\u00f6ri\u00f0 \u00fei\u00f0 svo vel\u201c, en m\u00f3\u00f0irin \u00e6pir upp: \u201eJ\u00f3n Baldvin \u00fe\u00fa k\u00e1fa\u00f0ir \u00e1 henni. \u00c9g s\u00e1 \u00fea\u00f0\u201c. Sem betur fer var \u00fearna gestkomandi \u00edslensk kona, sem b\u00fasett er \u00ed Andal\u00fas\u00edu. Ei\u00f0svarinn vitnisbur\u00f0ur hennar hlj\u00f3mar svo: \u201e<em>\u00c9g hef\u00f0i ekki komist hj\u00e1 \u00fev\u00ed a\u00f0 sj\u00e1 \u00fea\u00f0 sem \u00fearna ger\u00f0ist, \u00fear sem \u00e9g sat vi\u00f0 hli\u00f0ina \u00e1 JBH. \u00deetta er hreinn <strong>tilb\u00faningur og t\u00f3mt rugl<\/strong><\/em><strong>\u201c<\/strong>.<\/p>\n\n\n\n<p>Vi\u00f0 ranns\u00f3kn m\u00e1lsins kom \u00fea\u00f0 fram a\u00f0 k\u00e6randinn, Carmen Josefa J\u00f3hannsd\u00f3ttir, v\u00e6ri a\u00f0 eigin s\u00f6gn <strong>talsma\u00f0ur gr\u00fappunnar<\/strong> \u00ed kringum Ald\u00edsi og a\u00f0 h\u00fan hef\u00f0i lagt fram k\u00e6ru \u201eaf \u00fev\u00ed a\u00f0 h\u00fan hvar hv\u00f6tt til \u00feess af vinkonu sinni, <strong>formanni kvennahreyfingar Samfylkingarinnar<\/strong>\u201c.<\/p>\n\n\n\n<p>\u00deann 8.n\u00f3v. 2021 <strong>s\u00fdkna\u00f0i H\u00e9ra\u00f0sd\u00f3mur<\/strong> mig af \u00e1s\u00f6kunum um a\u00f0 hafa \u201estroki\u00f0 rass utan kl\u00e6\u00f0a\u201c \u00e1 talsmanni gr\u00fappunnar, \u00ed m\u00e1li sem s\u00e9rfr\u00f3\u00f0um m\u00f6nnum ber saman um a\u00f0 \u00e1k\u00e6ruvaldi\u00f0 haf\u00f0i ekki l\u00f6gs\u00f6gu yfir, \u00fear sem meintur gl\u00e6pur hef\u00f0i gerst \u00e1 Sp\u00e1ni. K\u00e6ruefni\u00f0 er me\u00f0 \u00f6\u00f0rum or\u00f0um <strong>hreinn tilb\u00faningur<\/strong>. \u00c9g vi\u00f0urkenni, a\u00f0 m\u00e9r bl\u00f6skrar \u00f3heilindin og \u00f3\u00f0hei\u00f0arleikinn. Til a\u00f0 b\u00e6ta gr\u00e1u ofan \u00e1 svart hafa \u00fe\u00e6r m\u00e6\u00f0gur krafist miskab\u00f3ta upp \u00e1 millj\u00f3n. Var \u00fea\u00f0 kannski fr\u00e1 upphafi tilgangurinn me\u00f0 \u00feessari innr\u00e1s \u00e1 heimili okkar?<\/p>\n\n\n\n<p><strong>Ni\u00f0ursta\u00f0a<\/strong><\/p>\n\n\n\n<p>Hva\u00f0 stendur \u00fe\u00e1 eftir? A\u00f0 \u00fev\u00ed er var\u00f0ar me\u00f0fer\u00f0 sta\u00f0reynda og sannleiksgildi, stendur ekki steinn yfir steini. \u00c9g spyr sj\u00e1lfan mig og ykkur sem lesi\u00f0 \u00feessi or\u00f0: Er svo komi\u00f0 m\u00e1lum \u00ed okkar \u00fej\u00f3\u00f0f\u00e9lagi a\u00f0 vi\u00f0 st\u00f6ndum uppi varnarlaus frammi fyrir skipulag\u00f0ri a\u00f0f\u00f6r a\u00f0 \u00e6ru og hei\u00f0ri af h\u00e1lfu f\u00f3lks, sem er helteki\u00f0 af hatri og hefndarhug? M\u00ednu mannor\u00f0i \u00ed \u00feetta sinn, \u00fe\u00ednu kannski \u00e1 morgun. \u00c6tlum vi\u00f0 a\u00f0 l\u00e1ta \u00feetta yfir okkur ganga?<\/p>\n\n\n\n<p>A\u00f0 lokum: Ef MeToo \u2013 hreyfingin er til, sem merkir a\u00f0 einhverjar geti tala\u00f0 \u00ed nafni hennar, \u00fe\u00e1 stendur h\u00fan frammi fyrir \u00feessari samviskuspurningu: Er skipul\u00f6g\u00f0 r\u00f3gsherfer\u00f0, af \u00fev\u00ed tagi sem h\u00e9r hefur veri\u00f0 l\u00fdst, sambo\u00f0in m\u00e1lsta\u00f0 hreyfingarinnar? Er ekki kominn t\u00edmi til a\u00f0 st\u00edga fram og bi\u00f0ja <strong>\u00feolendur illskunnar<\/strong> afs\u00f6kunar?<\/p>\n\n\n\n<p><strong>Fylgiskjal:<\/strong><\/p>\n\n\n\n<p><strong>FR\u00c1V\u00cdSANIR OG S\u00ddKNUD\u00d3MAR<\/strong><\/p>\n\n\n\n<p>\u00cd hvert skipti sem reynt hefur \u00e1 k\u00e6rur \u00e1 s.l. 20 \u00e1rum um meinta kynfer\u00f0islega \u00e1reitni hj\u00e1 l\u00f6gregluyfirv\u00f6ldum, saks\u00f3knara e\u00f0a fyrir d\u00f3mi, hefur \u00feeim veri\u00f0 v\u00edsa\u00f0 fr\u00e1;&nbsp; sakargiftir l\u00fdstar \u201cdau\u00f0ar og \u00f3merkar\u201d e\u00f0a hinn \u00e1k\u00e6r\u00f0i s\u00fdkna\u00f0ur.<\/p>\n\n\n<table>\n<tbody>\n<tr>\n<td><strong>\u00c1r<\/strong><\/td>\n<td><strong>K\u00e6rua\u00f0ili<\/strong><\/td>\n<td><strong>Ni\u00f0ursta\u00f0a<\/strong><\/td>\n<\/tr>\n<tr>\n<td>2002<\/td>\n<td>K\u00e6randi Ald\u00eds Baldvinsd\u00f3ttir<\/td>\n<td>v\u00edsa\u00f0 fr\u00e1<\/td>\n<\/tr>\n<tr>\n<td>2005<\/td>\n<td>K\u00e6randi Gu\u00f0r\u00fan Har\u00f0ard\u00f3ttir<\/td>\n<td>v\u00edsa\u00f0 fr\u00e1<\/td>\n<\/tr>\n<tr>\n<td>2007<\/td>\n<td>K\u00e6randi sami&nbsp;&nbsp; (\u00e1fr\u00fdjun til Saks\u00f3knara)<\/td>\n<td>v\u00edsa\u00f0 fr\u00e1<\/td>\n<\/tr>\n<tr>\n<td>2013<\/td>\n<td>K\u00e6randi Ald\u00eds Schram&nbsp;&nbsp; o.fl.<\/td>\n<td>v\u00edsa\u00f0 fr\u00e1<\/td>\n<\/tr>\n<tr>\n<td>2014<\/td>\n<td>\u00c1fr\u00fdja\u00f0 til saks\u00f3knara<\/td>\n<td>v\u00edsa\u00f0 fr\u00e1<\/td>\n<\/tr>\n<tr>\n<td>2021<\/td>\n<td>Mei\u00f0yr\u00f0am\u00e1l E3197\/2019 sakargiftir: Misnotkun 3ja d\u00e6tra og sifjaspell<\/td>\n<td>&#8220;dau\u00f0ar og \u00f3merkar&#8221;<\/td>\n<\/tr>\n<tr>\n<td>2021<\/td>\n<td>H\u00e9ra\u00f0sd\u00f3mur: S4407\/2020 (rassstrokum\u00e1l)<\/td>\n<td>s\u00fdkna\u00f0ur<\/td>\n<\/tr>\n<tr>\n<td>2022-2023<\/td>\n<td>\u00c1k\u00e6ruvaldi\u00f0 \u00e1fr\u00fdjar til Landsd\u00f3ms<\/td>\n<td>???<\/td>\n<\/tr>\n<\/tbody>\n<\/table>","protected":false},"excerpt":{"rendered":"<p>\u00dea\u00f0 sem h\u00e9r fer \u00e1 eftir er upptalning \u00e1 k\u00e6rum\u00e1lum Ald\u00edsar og \u201egr\u00fappunnar\u201c \u00ed kringum hana, sem v\u00edsa\u00f0 var til l\u00f6greglu 2013 og \u00e1fr\u00fdja\u00f0 til saks\u00f3knara, sem \u00ed b\u00e1\u00f0um tilvikum v\u00edsu\u00f0u \u00feeim fr\u00e1 \u00fear sem ekki hef\u00f0i veri\u00f0 f\u00e6r\u00f0ar s\u00f6nnur \u00e1 refsiver\u00f0a h\u00e1ttsemi. Ald\u00eds Baldvinsd\u00f3ttir \u00c1k\u00e6ran var um kynfer\u00f0islega misnotkun \u00e1 d\u00e6trum m\u00ednum \u00ed \u00e6sku &hellip; <a href=\"https:\/\/jbh.is\/?p=3197\" class=\"more-link\">Continue reading<span class=\"screen-reader-text\"> &#8220;S\u00d6GUBUR\u00d0UR II&#8221;<\/span><\/a><\/p>\n","protected":false},"author":2,"featured_media":0,"comment_status":"closed","ping_status":"closed","sticky":false,"template":"","format":"standard","meta":{"_monsterinsights_skip_tracking":false,"_monsterinsights_sitenote_active":false,"_monsterinsights_sitenote_note":"","_monsterinsights_sitenote_category":0,"footnotes":""},"categories":[1,9],"tags":[],"class_list":["post-3197","post","type-post","status-publish","format-standard","hentry","category-allar_greinar","category-greinar_og_vidtol"],"_links":{"self":[{"href":"https:\/\/jbh.is\/index.php?rest_route=\/wp\/v2\/posts\/3197","targetHints":{"allow":["GET"]}}],"collection":[{"href":"https:\/\/jbh.is\/index.php?rest_route=\/wp\/v2\/posts"}],"about":[{"href":"https:\/\/jbh.is\/index.php?rest_route=\/wp\/v2\/types\/post"}],"author":[{"embeddable":true,"href":"https:\/\/jbh.is\/index.php?rest_route=\/wp\/v2\/users\/2"}],"replies":[{"embeddable":true,"href":"https:\/\/jbh.is\/index.php?rest_route=%2Fwp%2Fv2%2Fcomments&post=3197"}],"version-history":[{"count":8,"href":"https:\/\/jbh.is\/index.php?rest_route=\/wp\/v2\/posts\/3197\/revisions"}],"predecessor-version":[{"id":3209,"href":"https:\/\/jbh.is\/index.php?rest_route=\/wp\/v2\/posts\/3197\/revisions\/3209"}],"wp:attachment":[{"href":"https:\/\/jbh.is\/index.php?rest_route=%2Fwp%2Fv2%2Fmedia&parent=3197"}],"wp:term":[{"taxonomy":"category","embeddable":true,"href":"https:\/\/jbh.is\/index.php?rest_route=%2Fwp%2Fv2%2Fcategories&post=3197"},{"taxonomy":"post_tag","embeddable":true,"href":"https:\/\/jbh.is\/index.php?rest_route=%2Fwp%2Fv2%2Ftags&post=3197"}],"curies":[{"name":"wp","href":"https:\/\/api.w.org\/{rel}","templated":true}]}}