{"id":3231,"date":"2023-06-26T09:25:32","date_gmt":"2023-06-26T09:25:32","guid":{"rendered":"https:\/\/jbh.is\/?p=3231"},"modified":"2023-06-29T09:27:20","modified_gmt":"2023-06-29T09:27:20","slug":"amundi-amundason-minning","status":"publish","type":"post","link":"https:\/\/jbh.is\/?p=3231","title":{"rendered":"\u00c1mundi \u00c1mundason, minning"},"content":{"rendered":"\n<p>\u00c1mi var sonur einst\u00e6\u00f0rar m\u00f3\u00f0ur.&nbsp; Hann \u00f3lst upp \u00ed verkamannab\u00fast\u00f6\u00f0unum \u00ed Holtunum. Og f\u00f3r a\u00f0 vinna fyrir s\u00e9r og s\u00ednum fyrir fermingu. Hann l\u00e6r\u00f0i \u00fev\u00ed af reynslunni&nbsp; a\u00f0 samsta\u00f0a f\u00e1t\u00e6ks f\u00f3lks skiptir sk\u00f6pum \u00ed l\u00edfsbar\u00e1ttunni.&nbsp; \u00deess vegna var hann \u201ekrati\u201c fr\u00e1 blautu barnsbeini.<\/p>\n\n\n\n<p>\u00c1mi l\u00e1 aldrei \u00e1 li\u00f0i s\u00ednu, \u00feegar ry\u00f0ja \u00feurfti brautina. \u00deegar Hlj\u00f3mar kv\u00f6ddu s\u00e9r fyrst hlj\u00f3\u00f0s, kva\u00f0 vi\u00f0 n\u00fdjan t\u00f3n. \u00dea\u00f0 kom \u00ed hlut \u00c1ma a\u00f0 ry\u00f0ja brautina me\u00f0 \u00feeim.&nbsp; Og gu\u00f0fa\u00f0ir Stu\u00f0manna, Jakob Fr\u00edmann, minnist \u00f6rl\u00e6tis hans \u00ed upphafi vegfer\u00f0ar \u00feeirra, sem enn er ekki loki\u00f0.<\/p>\n\n\n\n<p>Og svo var \u00fea\u00f0 p\u00f3lit\u00edkin: \u00c1str\u00ed\u00f0an, sem leiddi okkur \u00c1ma saman. Vimmi haf\u00f0i va\u00f0i\u00f0 eld og brennistein til a\u00f0 vekja flokk al\u00fe\u00fd\u00f0unnar aftur til l\u00edfsins me\u00f0 ungri kynsl\u00f3\u00f0. Hann kvaddi mig a\u00f0 vestan til a\u00f0 ritst\u00fdra Al\u00fe\u00fd\u00f0ubla\u00f0inu. Sem ritstj\u00f3ri \u00e1tti \u00e9g s\u00e6ti&nbsp; \u00ed \u00feingflokknum. M\u00e9r rann til rifja, hvernig&nbsp; \u201est\u00f3ra sigrinum\u201c 1978 var kl\u00fa\u00f0ra\u00f0 \u00ed aumkunarver\u00f0u r\u00e1\u00f0aleysi.<\/p>\n\n\n\n<!--more Lesa meira-->\n\n\n\n<p>Vi\u00f0 Vimmi h\u00f6f\u00f0um frumkv\u00e6\u00f0i a\u00f0 \u00fev\u00ed a\u00f0 sl\u00edta \u00feessari vonlausu stj\u00f3rn. Vi\u00f0 kn\u00fa\u00f0um fram n\u00fdjar kosningar fyrir j\u00f3lin 1979. Vi\u00f0 t\u00f3k p\u00f3lit\u00edsk upplausn. Henni lauk ekki fyrr en me\u00f0 valdaskei\u00f0i endurn\u00fdja\u00f0s Al\u00fe\u00fd\u00f0uflokks (1987-95).&nbsp; Vi\u00f0 r\u00e9\u00f0um ni\u00f0url\u00f6gum \u00f3\u00f0aver\u00f0b\u00f3lgunnar, umbyltum skattkerfinu, opnu\u00f0um \u00fej\u00f3\u00f0f\u00e9lagi\u00f0 me\u00f0 EES-samningnum og l\u00f6g\u00f0um grunn a\u00f0 n\u00fdju vaxtarskei\u00f0i. Vinstristj\u00f3rn Steingr\u00edms Hermannssonar (1988-91) var best manna\u00f0a r\u00edkisstj\u00f3rn l\u00fd\u00f0veldiss\u00f6gunnar \u00e1samt me\u00f0 fyrstu Vi\u00f0reisnarstj\u00f3rninni (1959-63).<\/p>\n\n\n\n<p>En \u00fea\u00f0 kosta\u00f0i bl\u00f3\u00f0, svita og t\u00e1r. Fyrir formannskj\u00f6r \u00e1 flokks\u00feingi Al\u00fe\u00fd\u00f0uflokksins hausti\u00f0 1984 gaf \u00e9g eitt kosningalofor\u00f0 (upp \u00ed ermina m\u00edna): A\u00f0 \u00e9g myndi \u201eleggja upp \u00ed langfer\u00f0 um \u00f6ll bygg\u00f0 b\u00f3l \u00e1 \u00cdslandi\u201c me\u00f0 okkar r\u00f3tt\u00e6ka bo\u00f0skap og lausnir, \u00feannig a\u00f0 \u201ehin \u00f3svikna og upprunalega r\u00f6dd jafna\u00f0arstefnunnar heyr\u00f0ist me\u00f0 \u00feeim kraftbirtingarhlj\u00f3mi, a\u00f0 undir t\u00e6ki \u00ed fj\u00f6llunum\u201c (sj\u00e1: \u201eT\u00e6pitungulaust&nbsp; &#8211; l\u00edfssko\u00f0un jafna\u00f0armanns\u201c, bls. 22).<\/p>\n\n\n\n<p>Daginn eftir var \u00c1mi m\u00e6ttur fyrir utan hj\u00e1 okkur Brynd\u00edsi \u00e1 Vesturg\u00f6tunni me\u00f0 fer\u00f0b\u00fainn sendifer\u00f0ab\u00edl; og veggteppi \u00ed skottinu, sem Al\u00fe\u00fd\u00f0uflokkskonur h\u00f6f\u00f0u ofi\u00f0&nbsp; og \u00e1 var letra\u00f0: \u201eVinna, velfer\u00f0, j\u00f6fnu\u00f0ur\u201c.&nbsp;&nbsp; \u2013 \u00dear me\u00f0 l\u00f6g\u00f0um vi\u00f0 \u00ed\u2018ann.<\/p>\n\n\n\n<p>Eitt hundra\u00f0 fundum og n\u00e6stum \u00e1ri s\u00ed\u00f0ar haf\u00f0i fylgi Al\u00fe\u00fd\u00f0uflokksins roki\u00f0 upp \u00far \u201epilsner-styrk\u201c (3.5-5.0%) \u00ed yfir 30%.&nbsp; Vi\u00f0 jafna\u00f0armenn h\u00f6f\u00f0um aftur teki\u00f0 frumkv\u00e6\u00f0i\u00f0 \u00ed p\u00f3lit\u00edkinni og vorum komnir \u00e1 fulla fer\u00f0. \u00dea\u00f0 var alls sta\u00f0ar fullt \u00fat \u00far dyrum. Einatt m\u00e1tti sj\u00e1, a\u00f0 Hlj\u00f3mar, Bubbi &#8211;&nbsp; og jafnvel Stu\u00f0menn &#8211;&nbsp; h\u00f6f\u00f0u veri\u00f0 \u00fearna \u00e1 undan okkur. En vi\u00f0 h\u00f6f\u00f0um vinninginn v\u00ed\u00f0ast hvar var\u00f0andi a\u00f0s\u00f3kn.<\/p>\n\n\n\n<p>Aldrei var\u00f0 \u00e9g var vi\u00f0, a\u00f0 \u00c1mi sendi reikninginn.<\/p>\n\n\n\n<p>N\u00fa er komi\u00f0 a\u00f0 lei\u00f0arlokum. \u00c9g \u00feakka samfylgdina og bi\u00f0 \u00fe\u00e9r fararheilla, k\u00e6ri vinur.<\/p>\n\n\n\n<p><strong>J\u00f3n Baldvin Hannibalsson<\/strong><\/p>\n\n\n\n<p>Fv. forma\u00f0ur Al\u00fe\u00fd\u00f0uflokksins \u2013 jafna\u00f0armannaflokks \u00cdslands<\/p>\n","protected":false},"excerpt":{"rendered":"<p>\u00c1mi var sonur einst\u00e6\u00f0rar m\u00f3\u00f0ur.&nbsp; Hann \u00f3lst upp \u00ed verkamannab\u00fast\u00f6\u00f0unum \u00ed Holtunum. Og f\u00f3r a\u00f0 vinna fyrir s\u00e9r og s\u00ednum fyrir fermingu. Hann l\u00e6r\u00f0i \u00fev\u00ed af reynslunni&nbsp; a\u00f0 samsta\u00f0a f\u00e1t\u00e6ks f\u00f3lks skiptir sk\u00f6pum \u00ed l\u00edfsbar\u00e1ttunni.&nbsp; \u00deess vegna var hann \u201ekrati\u201c fr\u00e1 blautu barnsbeini. \u00c1mi l\u00e1 aldrei \u00e1 li\u00f0i s\u00ednu, \u00feegar ry\u00f0ja \u00feurfti brautina. \u00deegar Hlj\u00f3mar &hellip; <a href=\"https:\/\/jbh.is\/?p=3231\" class=\"more-link\">Continue reading<span class=\"screen-reader-text\"> &#8220;\u00c1mundi \u00c1mundason, minning&#8221;<\/span><\/a><\/p>\n","protected":false},"author":2,"featured_media":0,"comment_status":"closed","ping_status":"closed","sticky":false,"template":"","format":"standard","meta":{"_monsterinsights_skip_tracking":false,"_monsterinsights_sitenote_active":false,"_monsterinsights_sitenote_note":"","_monsterinsights_sitenote_category":0,"footnotes":""},"categories":[1,5],"tags":[],"class_list":["post-3231","post","type-post","status-publish","format-standard","hentry","category-allar_greinar","category-minningagreinar"],"_links":{"self":[{"href":"https:\/\/jbh.is\/index.php?rest_route=\/wp\/v2\/posts\/3231","targetHints":{"allow":["GET"]}}],"collection":[{"href":"https:\/\/jbh.is\/index.php?rest_route=\/wp\/v2\/posts"}],"about":[{"href":"https:\/\/jbh.is\/index.php?rest_route=\/wp\/v2\/types\/post"}],"author":[{"embeddable":true,"href":"https:\/\/jbh.is\/index.php?rest_route=\/wp\/v2\/users\/2"}],"replies":[{"embeddable":true,"href":"https:\/\/jbh.is\/index.php?rest_route=%2Fwp%2Fv2%2Fcomments&post=3231"}],"version-history":[{"count":2,"href":"https:\/\/jbh.is\/index.php?rest_route=\/wp\/v2\/posts\/3231\/revisions"}],"predecessor-version":[{"id":3233,"href":"https:\/\/jbh.is\/index.php?rest_route=\/wp\/v2\/posts\/3231\/revisions\/3233"}],"wp:attachment":[{"href":"https:\/\/jbh.is\/index.php?rest_route=%2Fwp%2Fv2%2Fmedia&parent=3231"}],"wp:term":[{"taxonomy":"category","embeddable":true,"href":"https:\/\/jbh.is\/index.php?rest_route=%2Fwp%2Fv2%2Fcategories&post=3231"},{"taxonomy":"post_tag","embeddable":true,"href":"https:\/\/jbh.is\/index.php?rest_route=%2Fwp%2Fv2%2Ftags&post=3231"}],"curies":[{"name":"wp","href":"https:\/\/api.w.org\/{rel}","templated":true}]}}