{"id":3255,"date":"2024-03-13T11:25:14","date_gmt":"2024-03-13T11:25:14","guid":{"rendered":"https:\/\/jbh.is\/?p=3255"},"modified":"2024-03-19T11:26:11","modified_gmt":"2024-03-19T11:26:11","slug":"minning-matthias-johannessen","status":"publish","type":"post","link":"https:\/\/jbh.is\/?p=3255","title":{"rendered":"Minning: Matth\u00edas Johannessen\u00a0\u00a0\u00a0\u00a0"},"content":{"rendered":"\n<!--more Lesa meira-->\n\n\n<p>\u00dea\u00f0 var Matth\u00edas sj\u00e1lfur sem kva\u00f0 upp \u00far um \u00fea\u00f0 a\u00f0 Morgunbla\u00f0inu b\u00e6ri si\u00f0fer\u00f0isleg skylda til a\u00f0 g\u00e6ta hagsmuna \u00fej\u00f3\u00f0arinnar var\u00f0andi sameign hennar \u2013 fiskvei\u00f0iau\u00f0lindina \u2013 sem enn er \u00f3\u00fatklj\u00e1\u00f0. \u00cd \u00fev\u00ed l\u00edfshagsmunam\u00e1li \u00e1ttum vi\u00f0 jafna\u00f0armenn engan \u00f3brig\u00f0ulli bandamann en hann. Hva\u00f0 svo sem gekk \u00e1. \u00der\u00e1tt fyrir van\u00fe\u00f3knun flokksforystunnar l\u00e9t hann hvergi deigan s\u00edga. Krafan var \u2013 og er \u2013 a\u00f0 eigandi au\u00f0lindarinnar \u2013 \u00fej\u00f3\u00f0in \u2013 f\u00e1i greitt fyrir t\u00edmabundinn n\u00fdtingarr\u00e9tt \u00fatger\u00f0armanna \u00e1 au\u00f0lindinni meira en samsvarar kostna\u00f0i skattgrei\u00f0enda vegna sj\u00e1var\u00fatvegsins. \u00dear eigum vi\u00f0 a\u00f0 fara a\u00f0 d\u00e6mi Nor\u00f0manna \u00fear sem \u201eau\u00f0lindarentan\u201c rennur a\u00f0 mestu \u00ed \u00fej\u00f3\u00f0arsj\u00f3\u00f0.&nbsp; Sj\u00e1lfur sag\u00f0ist hann \u00f3ttast a\u00f0 flokkur sinn myndi a\u00f0 lokum gjalda \u00feess d\u00fdru ver\u00f0i a\u00f0 ganga svo freklega \u00ed berh\u00f6gg vi\u00f0 \u00fej\u00f3\u00f0arhagsmuni.<\/p>\n\n\n\n<p>Hann reyndist sannsp\u00e1r.&nbsp;<\/p>\n\n\n\n<p>Inns\u00e6i sk\u00e1ldsins og s\u00edv\u00f6kul r\u00e9ttl\u00e6tiskennd v\u00edsar okkur veginn.<\/p>\n\n\n\n<p>\u00c9g kve\u00f0 hann me\u00f0 v\u00e6ntum\u00feykju og vir\u00f0ingu.<\/p>\n\n\n\n<p><strong>J\u00f3n Baldvin Hannibalsson, fv. forma\u00f0ur Al\u00fe\u00fd\u00f0uflokksins.<\/strong><\/p>\n<!-- \/wp:more --><!-- wp:post-content --><!-- wp:paragraph -->\n<p> 13.03.24<\/p>\n<!-- \/wp:paragraph -->\n\n<!-- wp:paragraph -->\n<p>\u00a0\u00a0\u00a0\u00a0\u00a0\u00a0\u00a0\u00a0\u00a0\u00a0\u00a0\u00a0\u00a0\u00a0\u00a0\u00a0\u00a0\u00a0\u00a0\u00a0\u00a0\u00a0\u00a0\u00a0\u00a0\u00a0\u00a0\u00a0\u00a0\u00a0\u00a0\u00a0\u00a0\u00a0\u00a0\u00a0\u00a0\u00a0\u00a0\u00a0\u00a0\u00a0\u00a0\u00a0\u00a0\u00a0\u00a0\u00a0\u00a0\u00a0\u00a0\u00a0\u00a0\u00a0\u00a0\u00a0\u00a0\u00a0\u00a0\u00a0\u00a0\u00a0\u00a0\u00a0\u00a0\u00a0\u00a0\u00a0\u00a0\u00a0\u00a0\u00a0\u00a0\u00a0\u00a0\u00a0\u00a0\u00a0\u00a0\u00a0\u00a0\u00a0\u00a0\u00a0\u00a0\u00a0\u00a0\u00a0\u00a0\u00a0\u00a0\u00a0\u00a0\u00a0\u00a0\u00a0\u00a0\u00a0\u00a0\u00a0\u00a0\u00a0\u00a0\u00a0\u00a0\u00a0\u00a0<\/p>\n<!-- \/wp:paragraph -->\n\n<!-- wp:paragraph -->\n<p>Matth\u00edas setti sterkan svip \u00e1 samt\u00ed\u00f0 s\u00edna. Reyndar lengur en flestir sem eitthva\u00f0 kva\u00f0 a\u00f0. Ristj\u00f3rnarferill hans og Styrmis Gunnarssonar \u00e1 Morgunbla\u00f0inu \u00ed meira en h\u00e1lfa \u00f6ld var st\u00f3rveldist\u00edmabil bla\u00f0sins. \u00deeir voru eins \u00f3l\u00edkir og dagur og n\u00f3tt. Hvor um sig haf\u00f0i sinn gar\u00f0 a\u00f0 r\u00e6kta. \u00deegar \u00feeir l\u00f6g\u00f0u saman var f\u00e1tt um varnir.<\/p>\n<!-- \/wp:paragraph -->\n\n<!-- wp:paragraph -->\n<p>Matth\u00edas gekk til li\u00f0s vi\u00f0 Morgunbla\u00f0i\u00f0 \u00feegar Kalda str\u00ed\u00f0i\u00f0 st\u00f3\u00f0 sem h\u00e6st. \u00dej\u00f3\u00f0in skiptist \u00ed \u00f6ndver\u00f0ar fylkingar. \u00dea\u00f0 l\u00e1 vi\u00f0 borgarastyrj\u00f6ld \u00e1 Austurvelli. \u00dear gekk Matth\u00edas fremstur \u00ed flokki og dr\u00f3 hvergi af s\u00e9r. Hann var har\u00f0ur \u00ed horn a\u00f0 taka og f\u00e9kk \u00fea\u00f0 \u00f3\u00fevegi\u00f0 til baka.<\/p>\n<!-- \/wp:paragraph -->\n\n<!-- wp:paragraph -->\n<p>En \u00fea\u00f0 l\u00fdsir manninum betur en flest anna\u00f0 a\u00f0 \u00fer\u00e1tt fyrir erjur \u00ed p\u00f3lit\u00edk \u00fe\u00e1 skildi hann m\u00e6ta vel &#8211; og kunni a\u00f0 meta \u2013 sj\u00f3narmi\u00f0 og mannkosti andst\u00e6\u00f0inga sinna. Hann \u00e1tti st\u00f3ran \u00fe\u00e1tt \u00ed \u00fev\u00ed a\u00f0 s\u00e6tta sinn helming \u00fej\u00f3\u00f0arinnar vi\u00f0 hina rau\u00f0u penna byltingarinnar. Hann kunni a\u00f0 meta snillig\u00e1fu manna eins og Halld\u00f3rs Kiljan og \u00de\u00f3rbergs og fann til andlegs skyldleika vi\u00f0 \u00fe\u00e1 \u2013 \u00fer\u00e1tt fyrir allt.<\/p>\n<!-- \/wp:paragraph -->\n\n<!-- wp:paragraph -->\n<p>\u00dea\u00f0 var \u00ed \u00feessum anda sem hann og Styrmir breyttu Morgunbla\u00f0inu \u00far hatr\u00f6mmu flokksm\u00e1lgagni \u00ed opinn vettvang \u00fej\u00f3\u00f0m\u00e1laumr\u00e6\u00f0u. \u00dea\u00f0 f\u00f3r ekkert \u00e1 milli m\u00e1la, hver ritstj\u00f3rnarstefna Moggans var. En \u00ed anda Voltaire, voru \u00feeir rei\u00f0ub\u00fanir a\u00f0 berjast fyrir r\u00e9tti okkar hinna til a\u00f0 vera \u00f3samm\u00e1la. \u00dear me\u00f0 skreiddumst vi\u00f0 upp \u00far skotgr\u00f6fum Kalda str\u00ed\u00f0sins. Inn \u00ed n\u00fat\u00edmann \u2013 sl\u00edkur sem hann n\u00fa er.<\/p>\n<!-- \/wp:paragraph -->\n<!-- wp:more {\"customText\":\"Lesa meira\"} -->\n<!--more Lesa meira-->\n<!-- wp:paragraph -->\n<!-- wp:paragraph -->\n<p>\u00dea\u00f0 var Matth\u00edas sj\u00e1lfur sem kva\u00f0 upp \u00far um \u00fea\u00f0 a\u00f0 Morgunbla\u00f0inu b\u00e6ri si\u00f0fer\u00f0isleg skylda til a\u00f0 g\u00e6ta hagsmuna \u00fej\u00f3\u00f0arinnar var\u00f0andi sameign hennar \u2013 fiskvei\u00f0iau\u00f0lindina \u2013 sem enn er \u00f3\u00fatklj\u00e1\u00f0. \u00cd \u00fev\u00ed l\u00edfshagsmunam\u00e1li \u00e1ttum vi\u00f0 jafna\u00f0armenn engan \u00f3brig\u00f0ulli bandamann en hann. Hva\u00f0 svo sem gekk \u00e1. \u00der\u00e1tt fyrir van\u00fe\u00f3knun flokksforystunnar l\u00e9t hann hvergi deigan s\u00edga. Krafan var \u2013 og er \u2013 a\u00f0 eigandi au\u00f0lindarinnar \u2013 \u00fej\u00f3\u00f0in \u2013 f\u00e1i greitt fyrir t\u00edmabundinn n\u00fdtingarr\u00e9tt \u00fatger\u00f0armanna \u00e1 au\u00f0lindinni meira en samsvarar kostna\u00f0i skattgrei\u00f0enda vegna sj\u00e1var\u00fatvegsins. \u00dear eigum vi\u00f0 a\u00f0 fara a\u00f0 d\u00e6mi Nor\u00f0manna \u00fear sem \u201eau\u00f0lindarentan\u201c rennur a\u00f0 mestu \u00ed \u00fej\u00f3\u00f0arsj\u00f3\u00f0.&nbsp; Sj\u00e1lfur sag\u00f0ist hann \u00f3ttast a\u00f0 flokkur sinn myndi a\u00f0 lokum gjalda \u00feess d\u00fdru ver\u00f0i a\u00f0 ganga svo freklega \u00ed berh\u00f6gg vi\u00f0 \u00fej\u00f3\u00f0arhagsmuni.<\/p>\n<!-- \/wp:paragraph -->\n\n<!-- wp:paragraph -->\n<p>Hann reyndist sannsp\u00e1r.&nbsp;<\/p>\n<!-- \/wp:paragraph -->\n\n<!-- wp:paragraph -->\n<p>Inns\u00e6i sk\u00e1ldsins og s\u00edv\u00f6kul r\u00e9ttl\u00e6tiskennd v\u00edsar okkur veginn.<\/p>\n<!-- \/wp:paragraph -->\n\n<!-- wp:paragraph -->\n<p>\u00c9g kve\u00f0 hann me\u00f0 v\u00e6ntum\u00feykju og vir\u00f0ingu.<\/p>\n<!-- \/wp:paragraph -->\n\n<!-- wp:paragraph -->\n<p><strong>J\u00f3n Baldvin Hannibalsson, fv. forma\u00f0ur Al\u00fe\u00fd\u00f0uflokksins.<\/strong><\/p>\n<!-- \/wp:paragraph --><!-- \/wp:post-content -->","protected":false},"excerpt":{"rendered":"<p>13.03.24 \u00a0\u00a0\u00a0\u00a0\u00a0\u00a0\u00a0\u00a0\u00a0\u00a0\u00a0\u00a0\u00a0\u00a0\u00a0\u00a0\u00a0\u00a0\u00a0\u00a0\u00a0\u00a0\u00a0\u00a0\u00a0\u00a0\u00a0\u00a0\u00a0\u00a0\u00a0\u00a0\u00a0\u00a0\u00a0\u00a0\u00a0\u00a0\u00a0\u00a0\u00a0\u00a0\u00a0\u00a0\u00a0\u00a0\u00a0\u00a0\u00a0\u00a0\u00a0\u00a0\u00a0\u00a0\u00a0\u00a0\u00a0\u00a0\u00a0\u00a0\u00a0\u00a0\u00a0\u00a0\u00a0\u00a0\u00a0\u00a0\u00a0\u00a0\u00a0\u00a0\u00a0\u00a0\u00a0\u00a0\u00a0\u00a0\u00a0\u00a0\u00a0\u00a0\u00a0\u00a0\u00a0\u00a0\u00a0\u00a0\u00a0\u00a0\u00a0\u00a0\u00a0\u00a0\u00a0\u00a0\u00a0\u00a0\u00a0\u00a0\u00a0\u00a0\u00a0\u00a0\u00a0\u00a0\u00a0 Matth\u00edas setti sterkan svip \u00e1 samt\u00ed\u00f0 s\u00edna. Reyndar lengur en flestir sem eitthva\u00f0 kva\u00f0 a\u00f0. Ristj\u00f3rnarferill hans og Styrmis Gunnarssonar \u00e1 Morgunbla\u00f0inu \u00ed meira en h\u00e1lfa \u00f6ld var st\u00f3rveldist\u00edmabil bla\u00f0sins. \u00deeir voru eins \u00f3l\u00edkir og dagur og n\u00f3tt. Hvor um sig haf\u00f0i sinn gar\u00f0 a\u00f0 r\u00e6kta. \u00deegar \u00feeir l\u00f6g\u00f0u saman var f\u00e1tt um &hellip; <a href=\"https:\/\/jbh.is\/?p=3255\" class=\"more-link\">Continue reading<span class=\"screen-reader-text\"> &#8220;Minning: Matth\u00edas Johannessen\u00a0\u00a0\u00a0\u00a0&#8220;<\/span><\/a><\/p>\n","protected":false},"author":2,"featured_media":0,"comment_status":"closed","ping_status":"closed","sticky":false,"template":"","format":"standard","meta":{"_monsterinsights_skip_tracking":false,"_monsterinsights_sitenote_active":false,"_monsterinsights_sitenote_note":"","_monsterinsights_sitenote_category":0,"footnotes":""},"categories":[1,5],"tags":[],"class_list":["post-3255","post","type-post","status-publish","format-standard","hentry","category-allar_greinar","category-minningagreinar"],"_links":{"self":[{"href":"https:\/\/jbh.is\/index.php?rest_route=\/wp\/v2\/posts\/3255","targetHints":{"allow":["GET"]}}],"collection":[{"href":"https:\/\/jbh.is\/index.php?rest_route=\/wp\/v2\/posts"}],"about":[{"href":"https:\/\/jbh.is\/index.php?rest_route=\/wp\/v2\/types\/post"}],"author":[{"embeddable":true,"href":"https:\/\/jbh.is\/index.php?rest_route=\/wp\/v2\/users\/2"}],"replies":[{"embeddable":true,"href":"https:\/\/jbh.is\/index.php?rest_route=%2Fwp%2Fv2%2Fcomments&post=3255"}],"version-history":[{"count":2,"href":"https:\/\/jbh.is\/index.php?rest_route=\/wp\/v2\/posts\/3255\/revisions"}],"predecessor-version":[{"id":3257,"href":"https:\/\/jbh.is\/index.php?rest_route=\/wp\/v2\/posts\/3255\/revisions\/3257"}],"wp:attachment":[{"href":"https:\/\/jbh.is\/index.php?rest_route=%2Fwp%2Fv2%2Fmedia&parent=3255"}],"wp:term":[{"taxonomy":"category","embeddable":true,"href":"https:\/\/jbh.is\/index.php?rest_route=%2Fwp%2Fv2%2Fcategories&post=3255"},{"taxonomy":"post_tag","embeddable":true,"href":"https:\/\/jbh.is\/index.php?rest_route=%2Fwp%2Fv2%2Ftags&post=3255"}],"curies":[{"name":"wp","href":"https:\/\/api.w.org\/{rel}","templated":true}]}}