{"id":3298,"date":"2024-10-08T11:48:49","date_gmt":"2024-10-08T11:48:49","guid":{"rendered":"https:\/\/jbh.is\/?p=3298"},"modified":"2024-10-18T11:55:23","modified_gmt":"2024-10-18T11:55:23","slug":"gudlaugur-tryggvi-karlsson-minning","status":"publish","type":"post","link":"https:\/\/jbh.is\/?p=3298","title":{"rendered":"Gu\u00f0laugur Tryggvi Karlsson &#8211; Minning"},"content":{"rendered":"\n<p><strong>Hann var sunnlenskur a\u00f0 \u00e6tt og uppruna \u2013 kenndi sig gjarnan vi\u00f0 Tryggvask\u00e1la \u00e1 b\u00f6kkum \u00d6lfus\u00e1r \u2013 \u00fear sem r\u00edsandi h\u00f6fu\u00f0borg Su\u00f0urlands er n\u00fa a\u00f0 taka \u00e1 sig mynd.<\/strong><\/p>\n\n\n\n<p>Hann var l\u00edka \u00f3forbetranlegur hestama\u00f0ur. Honum dvaldist l\u00f6ngum \u00ed hesth\u00fasunum \u00ed V\u00ed\u00f0idal og var \u00f3missandi fors\u00f6ngvari \u00e1 hestamannam\u00f3tum. Og \u00ed Landmannaafr\u00e9tt og Biskupstungna me\u00f0 fr\u00e6ndum s\u00ednum fr\u00e1 Skar\u00f0i og Hvammi \u00ed Landssveit.<\/p>\n\n\n\n<p>\u00dev\u00ed a\u00f0 Gu\u00f0laugur Tryggvi var t\u00e6r og bjartur tenor. S\u00f6ngurinn var hans l\u00edf og yndi. Hvar sem hann var \u00e1 fer\u00f0 \u2013 og hann f\u00f3r v\u00ed\u00f0a \u00far alfaralei\u00f0 \u00e1 hestbaki \u2013 var stutt \u00ed lofs\u00f6nginn&nbsp; um tign og fegur\u00f0 \u00edslenskrar n\u00e1tt\u00faru.<\/p>\n\n<!-- \/wp:post-content -->\n<!-- wp:more {\"customText\":\"Lesa meira\"} -->\n<!--more Lesa meira-->\n<!-- wp:paragraph -->\n<!-- wp:paragraph -->\n<p>Og svo var hann upp\u00fdstur s\u00f3s\u00edaldem\u00f3krat a\u00f0 hugsj\u00f3n og sannf\u00e6ringu, sem efldist vi\u00f0 hagfr\u00e6\u00f0in\u00e1mi\u00f0 \u00ed Manchester (1964-67). \u00deegar hann sannspur\u00f0i, a\u00f0 forma\u00f0ur Al\u00fe\u00fd\u00f0uflokksins \u2013 \u00fe\u00e1 fj\u00e1rm\u00e1lar\u00e1\u00f0herra \u2013 hef\u00f0i veri\u00f0 efnilegur hestasveinn \u00e1 unglings\u00e1rum vi\u00f0 Dj\u00fap &#8211; &nbsp;var honum \u00f3\u00f0ar bo\u00f0i\u00f0 \u00ed smalamennsku fyrir r\u00e9ttir me\u00f0 fr\u00e6ndum Gu\u00f0laugs Tryggva, Skar\u00f0sverjum.<\/p>\n<!-- \/wp:paragraph -->\n\n<!-- wp:paragraph -->\n<p>H\u00e9r segir ekkert af \u00fev\u00ed, hvernig fj\u00e1rgl\u00f6ggir b\u00e6ndur t\u00f3ku krataforingjanum \u00ed fylgd Gu\u00f0laugs Tryggva \u2013 en \u00fea\u00f0 var miki\u00f0 sungi\u00f0!<\/p>\n<!-- \/wp:paragraph -->\n\n<!-- wp:paragraph -->\n<p>\u00der\u00e1tt fyrir auglj\u00f3sa mannkosti og hr\u00edfandi s\u00f6ngr\u00f6dd n\u00e1\u00f0i Gu\u00f0laugur Tryggvi \u00fev\u00ed ekki a\u00f0 syngja sig inn \u00ed hug og hj\u00f6rtu Sunnlendinga. Allt \u00ed einu \u2013 \u00ed bl\u00f3ma l\u00edfs \u2013 dundi yfir rei\u00f0arslag svo grimmilegt, a\u00f0 hann missti orku og \u00fer\u00f3tt fyrir l\u00edfst\u00ed\u00f0.<\/p>\n<!-- \/wp:paragraph -->\n\n<!-- wp:paragraph -->\n<p>\u00dea\u00f0 er \u00ed m\u00f3tl\u00e6tinu, sem reynir \u00e1 manninn. Gu\u00f0laugur Tryggvi t\u00f3k \u00f6rl\u00f6gum s\u00ednum af sl\u00edku \u00e6\u00f0ruleysi, a\u00f0 undrun s\u00e6tti.<\/p>\n<!-- \/wp:paragraph -->\n\n<!-- wp:paragraph -->\n<p>Hann r\u00e6kta\u00f0i tengslin vi\u00f0 fj\u00f6lda afkomenda sinna af \u00e1st\u00fa\u00f0 og umhyggju. \u00dea\u00f0 gladdi hann \u00f3segjanlega, a\u00f0 \u00f3\u00f0urinn til l\u00edfsins \u2013 raddfegur\u00f0 og s\u00f6nggle\u00f0i &#8211; &nbsp;er r\u00edkur \u00fe\u00e1ttur \u00ed fari afkomenda hans. L\u00edfi\u00f0 heldur \u00e1fram&nbsp; &#8211; \u00fer\u00e1tt fyrir allt.<\/p>\n<!-- \/wp:paragraph -->\n\n<!-- wp:paragraph -->\n<p>\u00der\u00e1tt fyrir allt er \u00feetta sagan um, a\u00f0 l\u00edfi\u00f0 er sterkara en dau\u00f0inn \u2013 \u00fer\u00e1tt fyrir allt.<\/p>\n<!-- \/wp:paragraph -->\n\n<!-- wp:paragraph -->\n<p><strong>J\u00f3n Baldvin Hannibalsson,<\/strong><\/p>\n<!-- \/wp:paragraph -->\n\n<!-- wp:paragraph -->\n<p><strong>Fv. forma\u00f0ur Al\u00fe\u00fd\u00f0uflokksins<\/strong><\/p>\n<!-- \/wp:paragraph --><!-- \/wp:paragraph -->","protected":false},"excerpt":{"rendered":"<p>Hann var sunnlenskur a\u00f0 \u00e6tt og uppruna \u2013 kenndi sig gjarnan vi\u00f0 Tryggvask\u00e1la \u00e1 b\u00f6kkum \u00d6lfus\u00e1r \u2013 \u00fear sem r\u00edsandi h\u00f6fu\u00f0borg Su\u00f0urlands er n\u00fa a\u00f0 taka \u00e1 sig mynd. Hann var l\u00edka \u00f3forbetranlegur hestama\u00f0ur. Honum dvaldist l\u00f6ngum \u00ed hesth\u00fasunum \u00ed V\u00ed\u00f0idal og var \u00f3missandi fors\u00f6ngvari \u00e1 hestamannam\u00f3tum. Og \u00ed Landmannaafr\u00e9tt og Biskupstungna me\u00f0 fr\u00e6ndum s\u00ednum &hellip; <a href=\"https:\/\/jbh.is\/?p=3298\" class=\"more-link\">Continue reading<span class=\"screen-reader-text\"> &#8220;Gu\u00f0laugur Tryggvi Karlsson &#8211; Minning&#8221;<\/span><\/a><\/p>\n","protected":false},"author":2,"featured_media":0,"comment_status":"closed","ping_status":"closed","sticky":false,"template":"","format":"standard","meta":{"_monsterinsights_skip_tracking":false,"_monsterinsights_sitenote_active":false,"_monsterinsights_sitenote_note":"","_monsterinsights_sitenote_category":0,"footnotes":""},"categories":[1,5],"tags":[],"class_list":["post-3298","post","type-post","status-publish","format-standard","hentry","category-allar_greinar","category-minningagreinar"],"_links":{"self":[{"href":"https:\/\/jbh.is\/index.php?rest_route=\/wp\/v2\/posts\/3298","targetHints":{"allow":["GET"]}}],"collection":[{"href":"https:\/\/jbh.is\/index.php?rest_route=\/wp\/v2\/posts"}],"about":[{"href":"https:\/\/jbh.is\/index.php?rest_route=\/wp\/v2\/types\/post"}],"author":[{"embeddable":true,"href":"https:\/\/jbh.is\/index.php?rest_route=\/wp\/v2\/users\/2"}],"replies":[{"embeddable":true,"href":"https:\/\/jbh.is\/index.php?rest_route=%2Fwp%2Fv2%2Fcomments&post=3298"}],"version-history":[{"count":3,"href":"https:\/\/jbh.is\/index.php?rest_route=\/wp\/v2\/posts\/3298\/revisions"}],"predecessor-version":[{"id":3301,"href":"https:\/\/jbh.is\/index.php?rest_route=\/wp\/v2\/posts\/3298\/revisions\/3301"}],"wp:attachment":[{"href":"https:\/\/jbh.is\/index.php?rest_route=%2Fwp%2Fv2%2Fmedia&parent=3298"}],"wp:term":[{"taxonomy":"category","embeddable":true,"href":"https:\/\/jbh.is\/index.php?rest_route=%2Fwp%2Fv2%2Fcategories&post=3298"},{"taxonomy":"post_tag","embeddable":true,"href":"https:\/\/jbh.is\/index.php?rest_route=%2Fwp%2Fv2%2Ftags&post=3298"}],"curies":[{"name":"wp","href":"https:\/\/api.w.org\/{rel}","templated":true}]}}