{"id":3306,"date":"2024-12-17T13:03:16","date_gmt":"2024-12-17T13:03:16","guid":{"rendered":"https:\/\/jbh.is\/?p=3306"},"modified":"2025-01-17T13:06:40","modified_gmt":"2025-01-17T13:06:40","slug":"vilberg-v-vilbergsson-minning","status":"publish","type":"post","link":"https:\/\/jbh.is\/?p=3306","title":{"rendered":"VILBERG V. VILBERGSSON &#8211; Minning"},"content":{"rendered":"\n<p><\/p>\n\n\n\n<p>\u201eHann Villi Valli er d\u00e1inn\u201c. \u00c9g \u00feurfti a\u00f0 endurtaka \u00feessi or\u00f0 fyrir sj\u00e1lfum m\u00e9r, svo a\u00f0 \u00feau s\u00edu\u00f0ust inn \u00ed vitundina. Svo \u00feyrmdi yfir mig. Gamlar minningar hr\u00f6nnu\u00f0ust upp.<\/p>\n\n\n\n<p>VI\u00f0 li\u00f0um um \u00ed lj\u00fafum dansi bjarta vorn\u00f3tt fyrir vestan. E\u00f0a l\u00f6g\u00f0um vi\u00f0 hlustir \u00ed r\u00f6kkurr\u00f3 vi\u00f0 kertalj\u00f3s, me\u00f0an vetrarvindurinn gnau\u00f0a\u00f0i \u00fati. \u00cd b\u00e1\u00f0um tilvikum var gle\u00f0igjafinn s\u00e1 sami: Villi Valli og hans menn sk\u00f6pu\u00f0u stemninguna, e\u00f0a h\u00e9ldu uppi fj\u00f6rinu, allt eftir \u00fev\u00ed sem vi\u00f0 \u00e1tti. \u00a0\u00a0\u00a0Andl\u00e1tsfregnin \u00fe\u00fdddi, a\u00f0 n\u00fa v\u00e6ri \u00feessu t\u00edmabili loki\u00f0.<\/p>\n\n<!-- \/wp:post-content -->\n<!-- wp:more {\"customText\":\"Lesa meira\"} -->\n<!--more Lesa meira-->\n<!-- wp:paragraph -->\n<!-- wp:paragraph -->\n<p>&nbsp; &nbsp;&nbsp;&nbsp;&nbsp;&nbsp;&nbsp;&nbsp;&nbsp;&nbsp;&nbsp;<em>Sumir kve\u00f0ja og s\u00ed\u00f0an ekki s\u00f6guna meir<\/em><\/p>\n<!-- \/wp:paragraph -->\n\n<!-- wp:paragraph -->\n<p>&nbsp;&nbsp;&nbsp;&nbsp;&nbsp;&nbsp;&nbsp;&nbsp;&nbsp;&nbsp;&nbsp; a\u00f0rir me\u00f0 s\u00f6ng er aldrei deyr<\/p>\n<!-- \/wp:paragraph -->\n\n<!-- wp:paragraph -->\n<p>svo vitna\u00f0 s\u00e9 til fleygra eftirm\u00e6la Austfjar\u00f0ask\u00e1ldsins g\u00f3\u00f0a, \u00deorsteins Valdimarssonar, um Inga L\u00e1r.<\/p>\n<!-- \/wp:paragraph -->\n\n<!-- wp:paragraph -->\n<p>Ef segja m\u00e1 me\u00f0 sanni um nokkurn mann, a\u00f0 honum hafi veri\u00f0 flest til lista lagt, \u00fe\u00e1 \u00e1tti \u00fea\u00f0 vi\u00f0 um hann Villa Valla. Fr\u00e1 \u00fev\u00ed a\u00f0 harmonikkan kom upp \u00ed hendur hans \u00e1 bernsku\u00e1rum \u00e1 Flateyri, voru \u00feau \u00f3a\u00f0skiljanleg. Vi\u00f0 h\u00f6fum \u00fea\u00f0 fyrir satt, a\u00f0 hann spila\u00f0i \u00e1 \u00f6ll hlj\u00f3\u00f0f\u00e6ri. Sj\u00e1lfur sag\u00f0i hann, a\u00f0 nikkan og sax\u00f3f\u00f3nninn v\u00e6ru hans eftirl\u00e6ti. Listamannse\u00f0li\u00f0 var honum \u00ed bl\u00f3\u00f0 bori\u00f0. Hann f\u00e9kk t\u00f3nlistina \u00ed v\u00f6ggugj\u00f6f.<\/p>\n<!-- \/wp:paragraph -->\n\n<!-- wp:paragraph -->\n<p>En \u00fea\u00f0 var ekki bara, a\u00f0 allt l\u00e9ki \u00ed h\u00f6ndum hans. Sj\u00e1lfur samdi hann s\u00edna t\u00f3nlist og gaf \u00fat \u00e1 diskum, sem vi\u00f0 var\u00f0veitum til minningar um hann. Og \u00e1 efri \u00e1rum freista\u00f0i m\u00e1laratranan hans l\u00edka. Einnig \u00ed m\u00e1lverkinu birtist okkur handbrag\u00f0 listamannsins.&nbsp; Stafalogn pollsins \u00e1 \u00cdsafir\u00f0i endurspeglar hnarreist fj\u00f6llin. Myndin s\u00fa brosir vi\u00f0 okkur.<\/p>\n<!-- \/wp:paragraph -->\n\n<!-- wp:paragraph -->\n<p>\u00c9g hef l\u00fdst \u00fev\u00ed \u00e1\u00f0ur, a\u00f0 \u00e1 g\u00f6ngu um g\u00f6tur \u00cdsafjar\u00f0ar \u00f3ma\u00f0i m\u00fas\u00edk \u00fat um annan hvorn glugga \u2013 r\u00e9tt eins og \u00e9g haf\u00f0i \u00e1\u00f0ur upplifa\u00f0 \u00ed B\u00e6heimi \u2013 \u00fear sem m\u00fas\u00edkin \u00e1 s\u00e9r dj\u00fapar r\u00e6tur. \u00c1hrifa Ragnars H. Ragnar og Villa Valla, al\u00fe\u00fd\u00f0ut\u00f3nsk\u00e1ldsins, &nbsp;g\u00e6tir enn \u00ed heimab\u00e6 okkar.<\/p>\n<!-- \/wp:paragraph -->\n\n<!-- wp:paragraph -->\n<p>\u00cd meira en h\u00e1lfa \u00f6ld j\u00f3s hann af n\u00e6gtabrunni t\u00f3nlistargy\u00f0junnar, okkur \u00f6llum&nbsp; sem fengum a\u00f0 nj\u00f3ta til gle\u00f0i og \u00e1n\u00e6gju. Eftir st\u00f6ndum vi\u00f0 &nbsp;\u00ed \u00f3goldinni \u00feakkarskuld vi\u00f0 hann. Hans ver\u00f0ur s\u00e1rt sakna\u00f0.<\/p>\n<!-- \/wp:paragraph -->\n\n<!-- wp:paragraph -->\n<p><strong>J\u00f3n Baldvin og Brynd\u00eds<\/strong><\/p>\n<!-- \/wp:paragraph -->\n\n<!-- wp:paragraph -->\n<p><\/p>\n<!-- \/wp:paragraph --><!-- \/wp:paragraph -->","protected":false},"excerpt":{"rendered":"<p>\u201eHann Villi Valli er d\u00e1inn\u201c. \u00c9g \u00feurfti a\u00f0 endurtaka \u00feessi or\u00f0 fyrir sj\u00e1lfum m\u00e9r, svo a\u00f0 \u00feau s\u00edu\u00f0ust inn \u00ed vitundina. Svo \u00feyrmdi yfir mig. Gamlar minningar hr\u00f6nnu\u00f0ust upp. VI\u00f0 li\u00f0um um \u00ed lj\u00fafum dansi bjarta vorn\u00f3tt fyrir vestan. E\u00f0a l\u00f6g\u00f0um vi\u00f0 hlustir \u00ed r\u00f6kkurr\u00f3 vi\u00f0 kertalj\u00f3s, me\u00f0an vetrarvindurinn gnau\u00f0a\u00f0i \u00fati. \u00cd b\u00e1\u00f0um tilvikum var &hellip; <a href=\"https:\/\/jbh.is\/?p=3306\" class=\"more-link\">Continue reading<span class=\"screen-reader-text\"> &#8220;VILBERG V. VILBERGSSON &#8211; Minning&#8221;<\/span><\/a><\/p>\n","protected":false},"author":3,"featured_media":0,"comment_status":"closed","ping_status":"closed","sticky":false,"template":"","format":"standard","meta":{"_monsterinsights_skip_tracking":false,"_monsterinsights_sitenote_active":false,"_monsterinsights_sitenote_note":"","_monsterinsights_sitenote_category":0,"footnotes":""},"categories":[1,5],"tags":[],"class_list":["post-3306","post","type-post","status-publish","format-standard","hentry","category-allar_greinar","category-minningagreinar"],"_links":{"self":[{"href":"https:\/\/jbh.is\/index.php?rest_route=\/wp\/v2\/posts\/3306","targetHints":{"allow":["GET"]}}],"collection":[{"href":"https:\/\/jbh.is\/index.php?rest_route=\/wp\/v2\/posts"}],"about":[{"href":"https:\/\/jbh.is\/index.php?rest_route=\/wp\/v2\/types\/post"}],"author":[{"embeddable":true,"href":"https:\/\/jbh.is\/index.php?rest_route=\/wp\/v2\/users\/3"}],"replies":[{"embeddable":true,"href":"https:\/\/jbh.is\/index.php?rest_route=%2Fwp%2Fv2%2Fcomments&post=3306"}],"version-history":[{"count":2,"href":"https:\/\/jbh.is\/index.php?rest_route=\/wp\/v2\/posts\/3306\/revisions"}],"predecessor-version":[{"id":3308,"href":"https:\/\/jbh.is\/index.php?rest_route=\/wp\/v2\/posts\/3306\/revisions\/3308"}],"wp:attachment":[{"href":"https:\/\/jbh.is\/index.php?rest_route=%2Fwp%2Fv2%2Fmedia&parent=3306"}],"wp:term":[{"taxonomy":"category","embeddable":true,"href":"https:\/\/jbh.is\/index.php?rest_route=%2Fwp%2Fv2%2Fcategories&post=3306"},{"taxonomy":"post_tag","embeddable":true,"href":"https:\/\/jbh.is\/index.php?rest_route=%2Fwp%2Fv2%2Ftags&post=3306"}],"curies":[{"name":"wp","href":"https:\/\/api.w.org\/{rel}","templated":true}]}}